{"id":2297,"date":"2019-11-28T00:00:00","date_gmt":"2019-11-28T00:00:00","guid":{"rendered":"https:\/\/www.escarre.com\/la-aecqt-apuesta-por-eas-para-hablar-de-la-industria-textil-4-0\/"},"modified":"2023-06-20T09:33:34","modified_gmt":"2023-06-20T09:33:34","slug":"la-aecqt-apuesta-por-eas-para-hablar-de-la-industria-textil-4-0","status":"publish","type":"post","link":"https:\/\/www.escarre.com\/es\/noticia\/la-aecqt-apuesta-por-eas-para-hablar-de-la-industria-textil-4-0\/","title":{"rendered":"La AECQT apuesta por EAS para hablar de la industria textil 4.0"},"content":{"rendered":"<p>Esta conferencia organizada por la prestigiosa Asociaci\u00f3n Espa\u00f1ola de Qu\u00edmicos y Coloristas Textiles pretende dar a conocer la industria 4.0 en el sector textil.<\/p>\n<p>El pr\u00f3ximo 4 de diciembre tendr\u00e1 lugar una jornada t\u00e9cnico-formativa por parte de la <a href=\"https:\/\/aeqct.org\/\"><strong>Asociaci\u00f3n Espa\u00f1ola de Qu\u00edmicos y Coloristas Textiles<\/strong><strong>&nbsp;(AECQT)<\/strong><\/a> donde&nbsp;<strong>EAS<\/strong>&nbsp;ha sido invitada para hablar sobre la industria 4.0 y el textil de cabecera.<\/p>\n<p>Esta jornada tiene como objetivo dar a conocer las herramientas y opciones de automatizaci\u00f3n de los distintos procesos que comprende una planta textil implementando la tecnolog\u00eda 4.0 y que ha supuesto un paso de gigante en el sector.<\/p>\n<p>El sector textil ya no es solo un mercado ligado a la mano de obra que siempre ha sido muy caracter\u00edstica de este sector. El 4.0 supone un valor seguro dado que pone a disposici\u00f3n de las empresas herramientas muy potentes para la gesti\u00f3n integral de la f\u00e1brica. Estas podr\u00e1n llevar su producci\u00f3n al siguiente nivel, apostando por la calidad y manteniendo un estricto control de costes.<\/p>\n<p>En&nbsp;<strong>EAS<\/strong>&nbsp;venimos ofreciendo desde 1990 la m\u00e1s alta tecnolog\u00eda en sistemas de automatizaci\u00f3n para el sector textil; el 4.0 no ha hecho nada m\u00e1s que comenzar.<\/p>\n<p>En esta conferencia, tres de nuestros expertos pondr\u00e1n su amplia experiencia en el sector a disposici\u00f3n de los asistentes, introduciendo temas de gran inter\u00e9s.&nbsp;<\/p>\n<p><strong>Agust\u00ed Escarr\u00e9<\/strong>, gerente y&nbsp;fundador de&nbsp;<strong>EAS<\/strong>, abrir\u00e1 esta conferencia explic\u00e1ndonos el concepto de industria 4.0. Con \u00e9l entenderemos la diferencia entre una simple automatizaci\u00f3n en comparaci\u00f3n con lo que ofrece la inteligencia artificial hoy en d\u00eda, adem\u00e1s de poner en perspectiva el impacto medioambiental que supone.<\/p>\n<p><strong>Stephen Heathcote<\/strong>, Ingeniero de Telecomunicaciones y jefe de IT en&nbsp;<strong>EAS<\/strong>, nos ampliar\u00e1 m\u00e1s detalles sobre los sistemas de supervisi\u00f3n y control integrados. Con \u00e9l aprenderemos c\u00f3mo podemos gestionar los sistemas que engloba un proceso productivo textil como la planificaci\u00f3n de la producci\u00f3n. Adem\u00e1s, nos informar\u00e1 sobre an\u00e1lisis de datos, OEE y an\u00e1lisis de costes, que ayudar\u00e1n al empresario textil a ser m\u00e1s eficiente manteniendo los est\u00e1ndares de calidad.<\/p>\n<p><strong>Francesc L\u00f3pez<\/strong>, Manager Comercial de&nbsp;<strong>EAS<\/strong>, nos explicar\u00e1 las exigencias del mercado textil a trav\u00e9s de su amplia experiencia haciendo negocios con empresarios de alrededor del mundo. Nos dar\u00e1 a conocer las demandas que tiene el sector y c\u00f3mo les puede ayudar la implementaci\u00f3n&nbsp;4.0 en su planta. Adem\u00e1s, nos contar\u00e1 los beneficios que suponen la trazabilidad y el control que el empresario puede tomar sobre todos los procesos, para as\u00ed cumplir con las certificaciones exigidas.<\/p>\n<p>El cierre de la conferencia correr\u00e1 a cargo nuevamente de&nbsp;<strong>Agust\u00ed Escarr\u00e9<\/strong>, donde nos hablar\u00e1 sobre la asistencia remota y realidad virtual adem\u00e1s de la extremada importancia que debe tener la seguridad inform\u00e1tica en una empresa.<\/p>\n<p><strong>Desarrollo e ideas en com\u00fan para seguir abriendo camino en la industria textil<\/strong><\/p>\n<p>La&nbsp;<strong>AECQT<\/strong>&nbsp;es una prestigiosa instituci\u00f3n nacional sin \u00e1nimo de lucro fundada en 1958.<\/p>\n<p>La finalidad de esta instituci\u00f3n es crear un punto de encuentro entre directivos y t\u00e9cnicos de empresas del sector textil dedicadas al blanqueo, te\u00f1ido, estampaci\u00f3n, estampaci\u00f3n, confecci\u00f3n y acabado de prendas de vestir con otros relacionados como profesores universitarios, estudiantes de ingenier\u00eda y ciencias, investigadores del CSIC y centros tecnol\u00f3gicos entre otros. Un espacio donde desarrollar y compartir ideas para que el sector textil siga abri\u00e9ndose camino.<\/p>\n<p>Si quieres saber m\u00e1s sobre todo lo que ofrece la industria 4.0 en el sector textil, \u00fanete a nosotros. La cita es el pr\u00f3ximo 4 de diciembre de 2019 en la empresa CREVIN S.A. En este <a href=\"https:\/\/aeqct.org\/sesion-tecnico-formativa-diciembre19\/\">enlace<\/a> podr\u00e1s encontrar m\u00e1s informaci\u00f3n.<\/p>\n","protected":false},"excerpt":{"rendered":"<p>Esta conferencia organizada por la prestigiosa Asociaci\u00f3n Espa\u00f1ola de Qu\u00edmicos y Coloristas Textiles pretende dar a conocer la industria 4.0 en el sector textil. El pr\u00f3ximo 4 de diciembre tendr\u00e1 &hellip;<\/p>\n","protected":false},"author":1,"featured_media":2298,"comment_status":"open","ping_status":"open","sticky":false,"template":"","format":"standard","meta":{"_acf_changed":false,"footnotes":""},"categories":[91],"tags":[],"class_list":["post-2297","post","type-post","status-publish","format-standard","has-post-thumbnail","hentry","category-noticias"],"acf":[],"yoast_head":"<!-- This site is optimized with the Yoast SEO plugin v26.7 - https:\/\/yoast.com\/wordpress\/plugins\/seo\/ -->\n<title>La AECQT apuesta por EAS para hablar de la industria textil 4.0 - Escarre<\/title>\n<meta name=\"description\" content=\"Esta conferencia organizada por la prestigiosa Asociaci\u00f3n Espa\u00f1ola de Qu\u00edmicos y Coloristas Textiles pretende dar a conocer la industria 4.0 en el sector\" \/>\n<meta name=\"robots\" content=\"index, follow, max-snippet:-1, max-image-preview:large, max-video-preview:-1\" \/>\n<link rel=\"canonical\" href=\"https:\/\/www.escarre.com\/es\/noticia\/la-aecqt-apuesta-por-eas-para-hablar-de-la-industria-textil-4-0\/\" \/>\n<meta property=\"og:locale\" content=\"es_ES\" \/>\n<meta property=\"og:type\" content=\"article\" \/>\n<meta property=\"og:title\" content=\"La AECQT apuesta por EAS para hablar de la industria textil 4.0 - Escarre\" \/>\n<meta property=\"og:description\" content=\"Esta conferencia organizada por la prestigiosa Asociaci\u00f3n Espa\u00f1ola de Qu\u00edmicos y Coloristas Textiles pretende dar a conocer la industria 4.0 en el sector\" \/>\n<meta property=\"og:url\" content=\"https:\/\/www.escarre.com\/es\/noticia\/la-aecqt-apuesta-por-eas-para-hablar-de-la-industria-textil-4-0\/\" \/>\n<meta property=\"og:site_name\" content=\"Escarre\" \/>\n<meta property=\"article:published_time\" content=\"2019-11-28T00:00:00+00:00\" \/>\n<meta property=\"article:modified_time\" content=\"2023-06-20T09:33:34+00:00\" \/>\n<meta property=\"og:image\" content=\"https:\/\/www.escarre.com\/wp-content\/uploads\/aecqt_news.jpg\" \/>\n\t<meta property=\"og:image:width\" content=\"700\" \/>\n\t<meta property=\"og:image:height\" content=\"400\" \/>\n\t<meta property=\"og:image:type\" content=\"image\/jpeg\" \/>\n<meta name=\"author\" content=\"emfasi\" \/>\n<meta name=\"twitter:card\" content=\"summary_large_image\" \/>\n<meta name=\"twitter:label1\" content=\"Escrito por\" \/>\n\t<meta name=\"twitter:data1\" content=\"emfasi\" \/>\n\t<meta name=\"twitter:label2\" content=\"Tiempo de lectura\" \/>\n\t<meta name=\"twitter:data2\" content=\"3 minutos\" \/>\n<script type=\"application\/ld+json\" class=\"yoast-schema-graph\">{\"@context\":\"https:\/\/schema.org\",\"@graph\":[{\"@type\":\"Article\",\"@id\":\"https:\/\/www.escarre.com\/es\/noticia\/la-aecqt-apuesta-por-eas-para-hablar-de-la-industria-textil-4-0\/#article\",\"isPartOf\":{\"@id\":\"https:\/\/www.escarre.com\/es\/noticia\/la-aecqt-apuesta-por-eas-para-hablar-de-la-industria-textil-4-0\/\"},\"author\":{\"name\":\"emfasi\",\"@id\":\"https:\/\/www.escarre.com\/es\/#\/schema\/person\/a5731615a80c3428785daf6feea6dfd1\"},\"headline\":\"La AECQT apuesta por EAS para hablar de la industria textil 4.0\",\"datePublished\":\"2019-11-28T00:00:00+00:00\",\"dateModified\":\"2023-06-20T09:33:34+00:00\",\"mainEntityOfPage\":{\"@id\":\"https:\/\/www.escarre.com\/es\/noticia\/la-aecqt-apuesta-por-eas-para-hablar-de-la-industria-textil-4-0\/\"},\"wordCount\":656,\"commentCount\":14,\"publisher\":{\"@id\":\"https:\/\/www.escarre.com\/es\/#organization\"},\"image\":{\"@id\":\"https:\/\/www.escarre.com\/es\/noticia\/la-aecqt-apuesta-por-eas-para-hablar-de-la-industria-textil-4-0\/#primaryimage\"},\"thumbnailUrl\":\"https:\/\/www.escarre.com\/wp-content\/uploads\/aecqt_news.jpg\",\"articleSection\":[\"Noticias\"],\"inLanguage\":\"es\",\"potentialAction\":[{\"@type\":\"CommentAction\",\"name\":\"Comment\",\"target\":[\"https:\/\/www.escarre.com\/es\/noticia\/la-aecqt-apuesta-por-eas-para-hablar-de-la-industria-textil-4-0\/#respond\"]}]},{\"@type\":\"WebPage\",\"@id\":\"https:\/\/www.escarre.com\/es\/noticia\/la-aecqt-apuesta-por-eas-para-hablar-de-la-industria-textil-4-0\/\",\"url\":\"https:\/\/www.escarre.com\/es\/noticia\/la-aecqt-apuesta-por-eas-para-hablar-de-la-industria-textil-4-0\/\",\"name\":\"La AECQT apuesta por EAS para hablar de la industria textil 4.0 - Escarre\",\"isPartOf\":{\"@id\":\"https:\/\/www.escarre.com\/es\/#website\"},\"primaryImageOfPage\":{\"@id\":\"https:\/\/www.escarre.com\/es\/noticia\/la-aecqt-apuesta-por-eas-para-hablar-de-la-industria-textil-4-0\/#primaryimage\"},\"image\":{\"@id\":\"https:\/\/www.escarre.com\/es\/noticia\/la-aecqt-apuesta-por-eas-para-hablar-de-la-industria-textil-4-0\/#primaryimage\"},\"thumbnailUrl\":\"https:\/\/www.escarre.com\/wp-content\/uploads\/aecqt_news.jpg\",\"datePublished\":\"2019-11-28T00:00:00+00:00\",\"dateModified\":\"2023-06-20T09:33:34+00:00\",\"description\":\"Esta conferencia organizada por la prestigiosa Asociaci\u00f3n Espa\u00f1ola de Qu\u00edmicos y Coloristas Textiles pretende dar a conocer la industria 4.0 en el sector\",\"breadcrumb\":{\"@id\":\"https:\/\/www.escarre.com\/es\/noticia\/la-aecqt-apuesta-por-eas-para-hablar-de-la-industria-textil-4-0\/#breadcrumb\"},\"inLanguage\":\"es\",\"potentialAction\":[{\"@type\":\"ReadAction\",\"target\":[\"https:\/\/www.escarre.com\/es\/noticia\/la-aecqt-apuesta-por-eas-para-hablar-de-la-industria-textil-4-0\/\"]}]},{\"@type\":\"ImageObject\",\"inLanguage\":\"es\",\"@id\":\"https:\/\/www.escarre.com\/es\/noticia\/la-aecqt-apuesta-por-eas-para-hablar-de-la-industria-textil-4-0\/#primaryimage\",\"url\":\"https:\/\/www.escarre.com\/wp-content\/uploads\/aecqt_news.jpg\",\"contentUrl\":\"https:\/\/www.escarre.com\/wp-content\/uploads\/aecqt_news.jpg\",\"width\":700,\"height\":400},{\"@type\":\"BreadcrumbList\",\"@id\":\"https:\/\/www.escarre.com\/es\/noticia\/la-aecqt-apuesta-por-eas-para-hablar-de-la-industria-textil-4-0\/#breadcrumb\",\"itemListElement\":[{\"@type\":\"ListItem\",\"position\":1,\"name\":\"Portada\",\"item\":\"https:\/\/www.escarre.com\/es\/\"},{\"@type\":\"ListItem\",\"position\":2,\"name\":\"La AECQT apuesta por EAS para hablar de la industria textil 4.0\"}]},{\"@type\":\"WebSite\",\"@id\":\"https:\/\/www.escarre.com\/es\/#website\",\"url\":\"https:\/\/www.escarre.com\/es\/\",\"name\":\"Escarre\",\"description\":\"\",\"publisher\":{\"@id\":\"https:\/\/www.escarre.com\/es\/#organization\"},\"potentialAction\":[{\"@type\":\"SearchAction\",\"target\":{\"@type\":\"EntryPoint\",\"urlTemplate\":\"https:\/\/www.escarre.com\/es\/?s={search_term_string}\"},\"query-input\":{\"@type\":\"PropertyValueSpecification\",\"valueRequired\":true,\"valueName\":\"search_term_string\"}}],\"inLanguage\":\"es\"},{\"@type\":\"Organization\",\"@id\":\"https:\/\/www.escarre.com\/es\/#organization\",\"name\":\"Escarre\",\"url\":\"https:\/\/www.escarre.com\/es\/\",\"logo\":{\"@type\":\"ImageObject\",\"inLanguage\":\"es\",\"@id\":\"https:\/\/www.escarre.com\/es\/#\/schema\/logo\/image\/\",\"url\":\"https:\/\/www.escarre.com\/wp-content\/uploads\/logo-eas-1.png\",\"contentUrl\":\"https:\/\/www.escarre.com\/wp-content\/uploads\/logo-eas-1.png\",\"width\":700,\"height\":125,\"caption\":\"Escarre\"},\"image\":{\"@id\":\"https:\/\/www.escarre.com\/es\/#\/schema\/logo\/image\/\"}},{\"@type\":\"Person\",\"@id\":\"https:\/\/www.escarre.com\/es\/#\/schema\/person\/a5731615a80c3428785daf6feea6dfd1\",\"name\":\"emfasi\",\"sameAs\":[\"https:\/\/www.escarre.com\"],\"url\":\"https:\/\/www.escarre.com\/es\/noticias\/author\/emfasi\/\"}]}<\/script>\n<!-- \/ Yoast SEO plugin. -->","yoast_head_json":{"title":"La AECQT apuesta por EAS para hablar de la industria textil 4.0 - Escarre","description":"Esta conferencia organizada por la prestigiosa Asociaci\u00f3n Espa\u00f1ola de Qu\u00edmicos y Coloristas Textiles pretende dar a conocer la industria 4.0 en el sector","robots":{"index":"index","follow":"follow","max-snippet":"max-snippet:-1","max-image-preview":"max-image-preview:large","max-video-preview":"max-video-preview:-1"},"canonical":"https:\/\/www.escarre.com\/es\/noticia\/la-aecqt-apuesta-por-eas-para-hablar-de-la-industria-textil-4-0\/","og_locale":"es_ES","og_type":"article","og_title":"La AECQT apuesta por EAS para hablar de la industria textil 4.0 - Escarre","og_description":"Esta conferencia organizada por la prestigiosa Asociaci\u00f3n Espa\u00f1ola de Qu\u00edmicos y Coloristas Textiles pretende dar a conocer la industria 4.0 en el sector","og_url":"https:\/\/www.escarre.com\/es\/noticia\/la-aecqt-apuesta-por-eas-para-hablar-de-la-industria-textil-4-0\/","og_site_name":"Escarre","article_published_time":"2019-11-28T00:00:00+00:00","article_modified_time":"2023-06-20T09:33:34+00:00","og_image":[{"width":700,"height":400,"url":"https:\/\/www.escarre.com\/wp-content\/uploads\/aecqt_news.jpg","type":"image\/jpeg"}],"author":"emfasi","twitter_card":"summary_large_image","twitter_misc":{"Escrito por":"emfasi","Tiempo de lectura":"3 minutos"},"schema":{"@context":"https:\/\/schema.org","@graph":[{"@type":"Article","@id":"https:\/\/www.escarre.com\/es\/noticia\/la-aecqt-apuesta-por-eas-para-hablar-de-la-industria-textil-4-0\/#article","isPartOf":{"@id":"https:\/\/www.escarre.com\/es\/noticia\/la-aecqt-apuesta-por-eas-para-hablar-de-la-industria-textil-4-0\/"},"author":{"name":"emfasi","@id":"https:\/\/www.escarre.com\/es\/#\/schema\/person\/a5731615a80c3428785daf6feea6dfd1"},"headline":"La AECQT apuesta por EAS para hablar de la industria textil 4.0","datePublished":"2019-11-28T00:00:00+00:00","dateModified":"2023-06-20T09:33:34+00:00","mainEntityOfPage":{"@id":"https:\/\/www.escarre.com\/es\/noticia\/la-aecqt-apuesta-por-eas-para-hablar-de-la-industria-textil-4-0\/"},"wordCount":656,"commentCount":14,"publisher":{"@id":"https:\/\/www.escarre.com\/es\/#organization"},"image":{"@id":"https:\/\/www.escarre.com\/es\/noticia\/la-aecqt-apuesta-por-eas-para-hablar-de-la-industria-textil-4-0\/#primaryimage"},"thumbnailUrl":"https:\/\/www.escarre.com\/wp-content\/uploads\/aecqt_news.jpg","articleSection":["Noticias"],"inLanguage":"es","potentialAction":[{"@type":"CommentAction","name":"Comment","target":["https:\/\/www.escarre.com\/es\/noticia\/la-aecqt-apuesta-por-eas-para-hablar-de-la-industria-textil-4-0\/#respond"]}]},{"@type":"WebPage","@id":"https:\/\/www.escarre.com\/es\/noticia\/la-aecqt-apuesta-por-eas-para-hablar-de-la-industria-textil-4-0\/","url":"https:\/\/www.escarre.com\/es\/noticia\/la-aecqt-apuesta-por-eas-para-hablar-de-la-industria-textil-4-0\/","name":"La AECQT apuesta por EAS para hablar de la industria textil 4.0 - Escarre","isPartOf":{"@id":"https:\/\/www.escarre.com\/es\/#website"},"primaryImageOfPage":{"@id":"https:\/\/www.escarre.com\/es\/noticia\/la-aecqt-apuesta-por-eas-para-hablar-de-la-industria-textil-4-0\/#primaryimage"},"image":{"@id":"https:\/\/www.escarre.com\/es\/noticia\/la-aecqt-apuesta-por-eas-para-hablar-de-la-industria-textil-4-0\/#primaryimage"},"thumbnailUrl":"https:\/\/www.escarre.com\/wp-content\/uploads\/aecqt_news.jpg","datePublished":"2019-11-28T00:00:00+00:00","dateModified":"2023-06-20T09:33:34+00:00","description":"Esta conferencia organizada por la prestigiosa Asociaci\u00f3n Espa\u00f1ola de Qu\u00edmicos y Coloristas Textiles pretende dar a conocer la industria 4.0 en el sector","breadcrumb":{"@id":"https:\/\/www.escarre.com\/es\/noticia\/la-aecqt-apuesta-por-eas-para-hablar-de-la-industria-textil-4-0\/#breadcrumb"},"inLanguage":"es","potentialAction":[{"@type":"ReadAction","target":["https:\/\/www.escarre.com\/es\/noticia\/la-aecqt-apuesta-por-eas-para-hablar-de-la-industria-textil-4-0\/"]}]},{"@type":"ImageObject","inLanguage":"es","@id":"https:\/\/www.escarre.com\/es\/noticia\/la-aecqt-apuesta-por-eas-para-hablar-de-la-industria-textil-4-0\/#primaryimage","url":"https:\/\/www.escarre.com\/wp-content\/uploads\/aecqt_news.jpg","contentUrl":"https:\/\/www.escarre.com\/wp-content\/uploads\/aecqt_news.jpg","width":700,"height":400},{"@type":"BreadcrumbList","@id":"https:\/\/www.escarre.com\/es\/noticia\/la-aecqt-apuesta-por-eas-para-hablar-de-la-industria-textil-4-0\/#breadcrumb","itemListElement":[{"@type":"ListItem","position":1,"name":"Portada","item":"https:\/\/www.escarre.com\/es\/"},{"@type":"ListItem","position":2,"name":"La AECQT apuesta por EAS para hablar de la industria textil 4.0"}]},{"@type":"WebSite","@id":"https:\/\/www.escarre.com\/es\/#website","url":"https:\/\/www.escarre.com\/es\/","name":"Escarre","description":"","publisher":{"@id":"https:\/\/www.escarre.com\/es\/#organization"},"potentialAction":[{"@type":"SearchAction","target":{"@type":"EntryPoint","urlTemplate":"https:\/\/www.escarre.com\/es\/?s={search_term_string}"},"query-input":{"@type":"PropertyValueSpecification","valueRequired":true,"valueName":"search_term_string"}}],"inLanguage":"es"},{"@type":"Organization","@id":"https:\/\/www.escarre.com\/es\/#organization","name":"Escarre","url":"https:\/\/www.escarre.com\/es\/","logo":{"@type":"ImageObject","inLanguage":"es","@id":"https:\/\/www.escarre.com\/es\/#\/schema\/logo\/image\/","url":"https:\/\/www.escarre.com\/wp-content\/uploads\/logo-eas-1.png","contentUrl":"https:\/\/www.escarre.com\/wp-content\/uploads\/logo-eas-1.png","width":700,"height":125,"caption":"Escarre"},"image":{"@id":"https:\/\/www.escarre.com\/es\/#\/schema\/logo\/image\/"}},{"@type":"Person","@id":"https:\/\/www.escarre.com\/es\/#\/schema\/person\/a5731615a80c3428785daf6feea6dfd1","name":"emfasi","sameAs":["https:\/\/www.escarre.com"],"url":"https:\/\/www.escarre.com\/es\/noticias\/author\/emfasi\/"}]}},"_links":{"self":[{"href":"https:\/\/www.escarre.com\/es\/wp-json\/wp\/v2\/posts\/2297","targetHints":{"allow":["GET"]}}],"collection":[{"href":"https:\/\/www.escarre.com\/es\/wp-json\/wp\/v2\/posts"}],"about":[{"href":"https:\/\/www.escarre.com\/es\/wp-json\/wp\/v2\/types\/post"}],"author":[{"embeddable":true,"href":"https:\/\/www.escarre.com\/es\/wp-json\/wp\/v2\/users\/1"}],"replies":[{"embeddable":true,"href":"https:\/\/www.escarre.com\/es\/wp-json\/wp\/v2\/comments?post=2297"}],"version-history":[{"count":0,"href":"https:\/\/www.escarre.com\/es\/wp-json\/wp\/v2\/posts\/2297\/revisions"}],"wp:featuredmedia":[{"embeddable":true,"href":"https:\/\/www.escarre.com\/es\/wp-json\/wp\/v2\/media\/2298"}],"wp:attachment":[{"href":"https:\/\/www.escarre.com\/es\/wp-json\/wp\/v2\/media?parent=2297"}],"wp:term":[{"taxonomy":"category","embeddable":true,"href":"https:\/\/www.escarre.com\/es\/wp-json\/wp\/v2\/categories?post=2297"},{"taxonomy":"post_tag","embeddable":true,"href":"https:\/\/www.escarre.com\/es\/wp-json\/wp\/v2\/tags?post=2297"}],"curies":[{"name":"wp","href":"https:\/\/api.w.org\/{rel}","templated":true}]}}