{"id":2318,"date":"2017-03-22T00:00:00","date_gmt":"2017-03-22T00:00:00","guid":{"rendered":"https:\/\/www.escarre.com\/eas-en-el-roadshow-european-textile-machinery-en-colombia\/"},"modified":"2023-06-20T09:33:37","modified_gmt":"2023-06-20T09:33:37","slug":"eas-en-el-roadshow-european-textile-machinery-en-colombia","status":"publish","type":"post","link":"https:\/\/www.escarre.com\/es\/noticia\/eas-en-el-roadshow-european-textile-machinery-en-colombia\/","title":{"rendered":"EAS en el Roadshow \u201cEuropean Textile Machinery\u201d en Colombia"},"content":{"rendered":"<p>EAS estar\u00e1 presente en las Jornadas T\u00e9cnicas que se celebrar\u00e1n en Bogot\u00e1 y Medell\u00edn los pr\u00f3ximos 18-19 de Octubre. En estas jornadas, 15 empresas europeas, fabricantes de maquinaria textil y accesorios, presentan sus novedades y soluciones a las necesidades de las empresas colombianas.<\/p>\n<p><strong>\u201cTextil 4.0: Ha llegado para quedarse\u201d<\/strong><\/p>\n<p>En nuestra conferencia se presentar\u00e1n las soluciones que EAS pone a disposici\u00f3n de sus clientes para alcanzar la Industria 4.0.<\/p>\n<p>Les informaremos acerca de la soluci\u00f3n m\u00e1s global para la mejora de la eficiencia y la productividad en la industria textil.<\/p>\n<p>Con EAS, el cliente puede disponer de un \u00fanico interlocutor para su negocio, abierto a conectar con innumerables sistemas externos.<\/p>\n<p><a href=\"http:\/\/www.roadshowcolombia.com\/la-gira\/empresas-de-la-gira\/escarre\/\">http:\/\/www.roadshowcolombia.com\/la-gira\/empresas-de-la-gira\/escarre\/<\/a><\/p>\n","protected":false},"excerpt":{"rendered":"<p>EAS estar\u00e1 presente en las Jornadas T\u00e9cnicas que se celebrar\u00e1n en Bogot\u00e1 y Medell\u00edn los pr\u00f3ximos 18-19 de Octubre. En estas jornadas, 15 empresas europeas, fabricantes de maquinaria textil y &hellip;<\/p>\n","protected":false},"author":1,"featured_media":2319,"comment_status":"open","ping_status":"open","sticky":false,"template":"","format":"standard","meta":{"_acf_changed":false,"footnotes":""},"categories":[91],"tags":[],"class_list":["post-2318","post","type-post","status-publish","format-standard","has-post-thumbnail","hentry","category-noticias"],"acf":[],"yoast_head":"<!-- This site is optimized with the Yoast SEO plugin v26.7 - https:\/\/yoast.com\/wordpress\/plugins\/seo\/ -->\n<title>EAS en el Roadshow \u201cEuropean Textile Machinery\u201d en Colombia - Escarre<\/title>\n<meta name=\"description\" content=\"EAS estar\u00e1 presente en las Jornadas T\u00e9cnicas que se celebrar\u00e1n en Bogot\u00e1 y Medell\u00edn los pr\u00f3ximos 18-19 de Octubre. En estas jornadas, 15 empresas\" \/>\n<meta name=\"robots\" content=\"index, follow, max-snippet:-1, max-image-preview:large, max-video-preview:-1\" \/>\n<link rel=\"canonical\" href=\"https:\/\/www.escarre.com\/es\/noticia\/eas-en-el-roadshow-european-textile-machinery-en-colombia\/\" \/>\n<meta property=\"og:locale\" content=\"es_ES\" \/>\n<meta property=\"og:type\" content=\"article\" \/>\n<meta property=\"og:title\" content=\"EAS en el Roadshow \u201cEuropean Textile Machinery\u201d en Colombia - Escarre\" \/>\n<meta property=\"og:description\" content=\"EAS estar\u00e1 presente en las Jornadas T\u00e9cnicas que se celebrar\u00e1n en Bogot\u00e1 y Medell\u00edn los pr\u00f3ximos 18-19 de Octubre. En estas jornadas, 15 empresas\" \/>\n<meta property=\"og:url\" content=\"https:\/\/www.escarre.com\/es\/noticia\/eas-en-el-roadshow-european-textile-machinery-en-colombia\/\" \/>\n<meta property=\"og:site_name\" content=\"Escarre\" \/>\n<meta property=\"article:published_time\" content=\"2017-03-22T00:00:00+00:00\" \/>\n<meta property=\"article:modified_time\" content=\"2023-06-20T09:33:37+00:00\" \/>\n<meta property=\"og:image\" content=\"https:\/\/www.escarre.com\/wp-content\/uploads\/colombia_roadshow.jpg\" \/>\n\t<meta property=\"og:image:width\" content=\"800\" \/>\n\t<meta property=\"og:image:height\" content=\"450\" \/>\n\t<meta property=\"og:image:type\" content=\"image\/jpeg\" \/>\n<meta name=\"author\" content=\"emfasi\" \/>\n<meta name=\"twitter:card\" content=\"summary_large_image\" \/>\n<meta name=\"twitter:label1\" content=\"Escrito por\" \/>\n\t<meta name=\"twitter:data1\" content=\"emfasi\" \/>\n\t<meta name=\"twitter:label2\" content=\"Tiempo de lectura\" \/>\n\t<meta name=\"twitter:data2\" content=\"1 minuto\" \/>\n<script type=\"application\/ld+json\" class=\"yoast-schema-graph\">{\"@context\":\"https:\/\/schema.org\",\"@graph\":[{\"@type\":\"Article\",\"@id\":\"https:\/\/www.escarre.com\/es\/noticia\/eas-en-el-roadshow-european-textile-machinery-en-colombia\/#article\",\"isPartOf\":{\"@id\":\"https:\/\/www.escarre.com\/es\/noticia\/eas-en-el-roadshow-european-textile-machinery-en-colombia\/\"},\"author\":{\"name\":\"emfasi\",\"@id\":\"https:\/\/www.escarre.com\/es\/#\/schema\/person\/a5731615a80c3428785daf6feea6dfd1\"},\"headline\":\"EAS en el Roadshow \u201cEuropean Textile Machinery\u201d en Colombia\",\"datePublished\":\"2017-03-22T00:00:00+00:00\",\"dateModified\":\"2023-06-20T09:33:37+00:00\",\"mainEntityOfPage\":{\"@id\":\"https:\/\/www.escarre.com\/es\/noticia\/eas-en-el-roadshow-european-textile-machinery-en-colombia\/\"},\"wordCount\":131,\"commentCount\":21,\"publisher\":{\"@id\":\"https:\/\/www.escarre.com\/es\/#organization\"},\"image\":{\"@id\":\"https:\/\/www.escarre.com\/es\/noticia\/eas-en-el-roadshow-european-textile-machinery-en-colombia\/#primaryimage\"},\"thumbnailUrl\":\"https:\/\/www.escarre.com\/wp-content\/uploads\/colombia_roadshow.jpg\",\"articleSection\":[\"Noticias\"],\"inLanguage\":\"es\",\"potentialAction\":[{\"@type\":\"CommentAction\",\"name\":\"Comment\",\"target\":[\"https:\/\/www.escarre.com\/es\/noticia\/eas-en-el-roadshow-european-textile-machinery-en-colombia\/#respond\"]}]},{\"@type\":\"WebPage\",\"@id\":\"https:\/\/www.escarre.com\/es\/noticia\/eas-en-el-roadshow-european-textile-machinery-en-colombia\/\",\"url\":\"https:\/\/www.escarre.com\/es\/noticia\/eas-en-el-roadshow-european-textile-machinery-en-colombia\/\",\"name\":\"EAS en el Roadshow \u201cEuropean Textile Machinery\u201d en Colombia - Escarre\",\"isPartOf\":{\"@id\":\"https:\/\/www.escarre.com\/es\/#website\"},\"primaryImageOfPage\":{\"@id\":\"https:\/\/www.escarre.com\/es\/noticia\/eas-en-el-roadshow-european-textile-machinery-en-colombia\/#primaryimage\"},\"image\":{\"@id\":\"https:\/\/www.escarre.com\/es\/noticia\/eas-en-el-roadshow-european-textile-machinery-en-colombia\/#primaryimage\"},\"thumbnailUrl\":\"https:\/\/www.escarre.com\/wp-content\/uploads\/colombia_roadshow.jpg\",\"datePublished\":\"2017-03-22T00:00:00+00:00\",\"dateModified\":\"2023-06-20T09:33:37+00:00\",\"description\":\"EAS estar\u00e1 presente en las Jornadas T\u00e9cnicas que se celebrar\u00e1n en Bogot\u00e1 y Medell\u00edn los pr\u00f3ximos 18-19 de Octubre. En estas jornadas, 15 empresas\",\"breadcrumb\":{\"@id\":\"https:\/\/www.escarre.com\/es\/noticia\/eas-en-el-roadshow-european-textile-machinery-en-colombia\/#breadcrumb\"},\"inLanguage\":\"es\",\"potentialAction\":[{\"@type\":\"ReadAction\",\"target\":[\"https:\/\/www.escarre.com\/es\/noticia\/eas-en-el-roadshow-european-textile-machinery-en-colombia\/\"]}]},{\"@type\":\"ImageObject\",\"inLanguage\":\"es\",\"@id\":\"https:\/\/www.escarre.com\/es\/noticia\/eas-en-el-roadshow-european-textile-machinery-en-colombia\/#primaryimage\",\"url\":\"https:\/\/www.escarre.com\/wp-content\/uploads\/colombia_roadshow.jpg\",\"contentUrl\":\"https:\/\/www.escarre.com\/wp-content\/uploads\/colombia_roadshow.jpg\",\"width\":800,\"height\":450},{\"@type\":\"BreadcrumbList\",\"@id\":\"https:\/\/www.escarre.com\/es\/noticia\/eas-en-el-roadshow-european-textile-machinery-en-colombia\/#breadcrumb\",\"itemListElement\":[{\"@type\":\"ListItem\",\"position\":1,\"name\":\"Portada\",\"item\":\"https:\/\/www.escarre.com\/es\/\"},{\"@type\":\"ListItem\",\"position\":2,\"name\":\"EAS en el Roadshow \u201cEuropean Textile Machinery\u201d en Colombia\"}]},{\"@type\":\"WebSite\",\"@id\":\"https:\/\/www.escarre.com\/es\/#website\",\"url\":\"https:\/\/www.escarre.com\/es\/\",\"name\":\"Escarre\",\"description\":\"\",\"publisher\":{\"@id\":\"https:\/\/www.escarre.com\/es\/#organization\"},\"potentialAction\":[{\"@type\":\"SearchAction\",\"target\":{\"@type\":\"EntryPoint\",\"urlTemplate\":\"https:\/\/www.escarre.com\/es\/?s={search_term_string}\"},\"query-input\":{\"@type\":\"PropertyValueSpecification\",\"valueRequired\":true,\"valueName\":\"search_term_string\"}}],\"inLanguage\":\"es\"},{\"@type\":\"Organization\",\"@id\":\"https:\/\/www.escarre.com\/es\/#organization\",\"name\":\"Escarre\",\"url\":\"https:\/\/www.escarre.com\/es\/\",\"logo\":{\"@type\":\"ImageObject\",\"inLanguage\":\"es\",\"@id\":\"https:\/\/www.escarre.com\/es\/#\/schema\/logo\/image\/\",\"url\":\"https:\/\/www.escarre.com\/wp-content\/uploads\/logo-eas-1.png\",\"contentUrl\":\"https:\/\/www.escarre.com\/wp-content\/uploads\/logo-eas-1.png\",\"width\":700,\"height\":125,\"caption\":\"Escarre\"},\"image\":{\"@id\":\"https:\/\/www.escarre.com\/es\/#\/schema\/logo\/image\/\"}},{\"@type\":\"Person\",\"@id\":\"https:\/\/www.escarre.com\/es\/#\/schema\/person\/a5731615a80c3428785daf6feea6dfd1\",\"name\":\"emfasi\",\"sameAs\":[\"https:\/\/www.escarre.com\"],\"url\":\"https:\/\/www.escarre.com\/es\/noticias\/author\/emfasi\/\"}]}<\/script>\n<!-- \/ Yoast SEO plugin. -->","yoast_head_json":{"title":"EAS en el Roadshow \u201cEuropean Textile Machinery\u201d en Colombia - Escarre","description":"EAS estar\u00e1 presente en las Jornadas T\u00e9cnicas que se celebrar\u00e1n en Bogot\u00e1 y Medell\u00edn los pr\u00f3ximos 18-19 de Octubre. En estas jornadas, 15 empresas","robots":{"index":"index","follow":"follow","max-snippet":"max-snippet:-1","max-image-preview":"max-image-preview:large","max-video-preview":"max-video-preview:-1"},"canonical":"https:\/\/www.escarre.com\/es\/noticia\/eas-en-el-roadshow-european-textile-machinery-en-colombia\/","og_locale":"es_ES","og_type":"article","og_title":"EAS en el Roadshow \u201cEuropean Textile Machinery\u201d en Colombia - Escarre","og_description":"EAS estar\u00e1 presente en las Jornadas T\u00e9cnicas que se celebrar\u00e1n en Bogot\u00e1 y Medell\u00edn los pr\u00f3ximos 18-19 de Octubre. En estas jornadas, 15 empresas","og_url":"https:\/\/www.escarre.com\/es\/noticia\/eas-en-el-roadshow-european-textile-machinery-en-colombia\/","og_site_name":"Escarre","article_published_time":"2017-03-22T00:00:00+00:00","article_modified_time":"2023-06-20T09:33:37+00:00","og_image":[{"width":800,"height":450,"url":"https:\/\/www.escarre.com\/wp-content\/uploads\/colombia_roadshow.jpg","type":"image\/jpeg"}],"author":"emfasi","twitter_card":"summary_large_image","twitter_misc":{"Escrito por":"emfasi","Tiempo de lectura":"1 minuto"},"schema":{"@context":"https:\/\/schema.org","@graph":[{"@type":"Article","@id":"https:\/\/www.escarre.com\/es\/noticia\/eas-en-el-roadshow-european-textile-machinery-en-colombia\/#article","isPartOf":{"@id":"https:\/\/www.escarre.com\/es\/noticia\/eas-en-el-roadshow-european-textile-machinery-en-colombia\/"},"author":{"name":"emfasi","@id":"https:\/\/www.escarre.com\/es\/#\/schema\/person\/a5731615a80c3428785daf6feea6dfd1"},"headline":"EAS en el Roadshow \u201cEuropean Textile Machinery\u201d en Colombia","datePublished":"2017-03-22T00:00:00+00:00","dateModified":"2023-06-20T09:33:37+00:00","mainEntityOfPage":{"@id":"https:\/\/www.escarre.com\/es\/noticia\/eas-en-el-roadshow-european-textile-machinery-en-colombia\/"},"wordCount":131,"commentCount":21,"publisher":{"@id":"https:\/\/www.escarre.com\/es\/#organization"},"image":{"@id":"https:\/\/www.escarre.com\/es\/noticia\/eas-en-el-roadshow-european-textile-machinery-en-colombia\/#primaryimage"},"thumbnailUrl":"https:\/\/www.escarre.com\/wp-content\/uploads\/colombia_roadshow.jpg","articleSection":["Noticias"],"inLanguage":"es","potentialAction":[{"@type":"CommentAction","name":"Comment","target":["https:\/\/www.escarre.com\/es\/noticia\/eas-en-el-roadshow-european-textile-machinery-en-colombia\/#respond"]}]},{"@type":"WebPage","@id":"https:\/\/www.escarre.com\/es\/noticia\/eas-en-el-roadshow-european-textile-machinery-en-colombia\/","url":"https:\/\/www.escarre.com\/es\/noticia\/eas-en-el-roadshow-european-textile-machinery-en-colombia\/","name":"EAS en el Roadshow \u201cEuropean Textile Machinery\u201d en Colombia - Escarre","isPartOf":{"@id":"https:\/\/www.escarre.com\/es\/#website"},"primaryImageOfPage":{"@id":"https:\/\/www.escarre.com\/es\/noticia\/eas-en-el-roadshow-european-textile-machinery-en-colombia\/#primaryimage"},"image":{"@id":"https:\/\/www.escarre.com\/es\/noticia\/eas-en-el-roadshow-european-textile-machinery-en-colombia\/#primaryimage"},"thumbnailUrl":"https:\/\/www.escarre.com\/wp-content\/uploads\/colombia_roadshow.jpg","datePublished":"2017-03-22T00:00:00+00:00","dateModified":"2023-06-20T09:33:37+00:00","description":"EAS estar\u00e1 presente en las Jornadas T\u00e9cnicas que se celebrar\u00e1n en Bogot\u00e1 y Medell\u00edn los pr\u00f3ximos 18-19 de Octubre. En estas jornadas, 15 empresas","breadcrumb":{"@id":"https:\/\/www.escarre.com\/es\/noticia\/eas-en-el-roadshow-european-textile-machinery-en-colombia\/#breadcrumb"},"inLanguage":"es","potentialAction":[{"@type":"ReadAction","target":["https:\/\/www.escarre.com\/es\/noticia\/eas-en-el-roadshow-european-textile-machinery-en-colombia\/"]}]},{"@type":"ImageObject","inLanguage":"es","@id":"https:\/\/www.escarre.com\/es\/noticia\/eas-en-el-roadshow-european-textile-machinery-en-colombia\/#primaryimage","url":"https:\/\/www.escarre.com\/wp-content\/uploads\/colombia_roadshow.jpg","contentUrl":"https:\/\/www.escarre.com\/wp-content\/uploads\/colombia_roadshow.jpg","width":800,"height":450},{"@type":"BreadcrumbList","@id":"https:\/\/www.escarre.com\/es\/noticia\/eas-en-el-roadshow-european-textile-machinery-en-colombia\/#breadcrumb","itemListElement":[{"@type":"ListItem","position":1,"name":"Portada","item":"https:\/\/www.escarre.com\/es\/"},{"@type":"ListItem","position":2,"name":"EAS en el Roadshow \u201cEuropean Textile Machinery\u201d en Colombia"}]},{"@type":"WebSite","@id":"https:\/\/www.escarre.com\/es\/#website","url":"https:\/\/www.escarre.com\/es\/","name":"Escarre","description":"","publisher":{"@id":"https:\/\/www.escarre.com\/es\/#organization"},"potentialAction":[{"@type":"SearchAction","target":{"@type":"EntryPoint","urlTemplate":"https:\/\/www.escarre.com\/es\/?s={search_term_string}"},"query-input":{"@type":"PropertyValueSpecification","valueRequired":true,"valueName":"search_term_string"}}],"inLanguage":"es"},{"@type":"Organization","@id":"https:\/\/www.escarre.com\/es\/#organization","name":"Escarre","url":"https:\/\/www.escarre.com\/es\/","logo":{"@type":"ImageObject","inLanguage":"es","@id":"https:\/\/www.escarre.com\/es\/#\/schema\/logo\/image\/","url":"https:\/\/www.escarre.com\/wp-content\/uploads\/logo-eas-1.png","contentUrl":"https:\/\/www.escarre.com\/wp-content\/uploads\/logo-eas-1.png","width":700,"height":125,"caption":"Escarre"},"image":{"@id":"https:\/\/www.escarre.com\/es\/#\/schema\/logo\/image\/"}},{"@type":"Person","@id":"https:\/\/www.escarre.com\/es\/#\/schema\/person\/a5731615a80c3428785daf6feea6dfd1","name":"emfasi","sameAs":["https:\/\/www.escarre.com"],"url":"https:\/\/www.escarre.com\/es\/noticias\/author\/emfasi\/"}]}},"_links":{"self":[{"href":"https:\/\/www.escarre.com\/es\/wp-json\/wp\/v2\/posts\/2318","targetHints":{"allow":["GET"]}}],"collection":[{"href":"https:\/\/www.escarre.com\/es\/wp-json\/wp\/v2\/posts"}],"about":[{"href":"https:\/\/www.escarre.com\/es\/wp-json\/wp\/v2\/types\/post"}],"author":[{"embeddable":true,"href":"https:\/\/www.escarre.com\/es\/wp-json\/wp\/v2\/users\/1"}],"replies":[{"embeddable":true,"href":"https:\/\/www.escarre.com\/es\/wp-json\/wp\/v2\/comments?post=2318"}],"version-history":[{"count":0,"href":"https:\/\/www.escarre.com\/es\/wp-json\/wp\/v2\/posts\/2318\/revisions"}],"wp:featuredmedia":[{"embeddable":true,"href":"https:\/\/www.escarre.com\/es\/wp-json\/wp\/v2\/media\/2319"}],"wp:attachment":[{"href":"https:\/\/www.escarre.com\/es\/wp-json\/wp\/v2\/media?parent=2318"}],"wp:term":[{"taxonomy":"category","embeddable":true,"href":"https:\/\/www.escarre.com\/es\/wp-json\/wp\/v2\/categories?post=2318"},{"taxonomy":"post_tag","embeddable":true,"href":"https:\/\/www.escarre.com\/es\/wp-json\/wp\/v2\/tags?post=2318"}],"curies":[{"name":"wp","href":"https:\/\/api.w.org\/{rel}","templated":true}]}}