{"id":4865,"date":"2023-07-25T07:42:49","date_gmt":"2023-07-25T07:42:49","guid":{"rendered":"https:\/\/www.escarre.com\/?p=4865"},"modified":"2023-08-31T09:42:32","modified_gmt":"2023-08-31T09:42:32","slug":"eas-cierra-con-exito-la-edicion-de-la-itma-2023","status":"publish","type":"post","link":"https:\/\/www.escarre.com\/es\/noticia\/eas-cierra-con-exito-la-edicion-de-la-itma-2023\/","title":{"rendered":"EAS cierra con \u00e9xito la edici\u00f3n de la ITMA 2023"},"content":{"rendered":"\n<p>Tras cuatro a\u00f1os de espera y una semana llena de visitas, podemos afirmar con gran alegr\u00eda que nuestra participaci\u00f3n en la ITMA 2023 ha sido un rotundo \u00e9xito. Superamos nuestras expectativas de asistencia, atrayendo a un p\u00fablico entusiasta a nuestro estand con nuestra nueva imagen corporativa renovada y la presentaci\u00f3n de TecnoSal.<\/p>\n<h3 class=\"ql-heading\" data-block-id=\"block-e345ead7-ede1-4e4e-ba41-62ed47766307\">Un \u00e9xito de asistencia sin precedentes<\/h3>\n<p class=\"ql-block\" data-block-id=\"block-be492128-ac0d-400b-9a55-c14d977af12a\">La gran afluencia de visitantes en la ITMA 2023 fue un testimonio claro de la relevancia e impacto que EAS tiene en la industria textil. Estamos encantados de anunciar que logramos superar el n\u00famero de visitantes de la edici\u00f3n anterior en 2019.<\/p>\n<p class=\"ql-block\" data-block-id=\"block-3d1680d3-c5c9-4c86-904f-b2c5245db17d\">La diversidad del p\u00fablico relacionado con la industria textil fue realmente inspiradora. Nos complace especialmente que muchos de nuestros clientes hayan asistido a esta feria, d\u00e1ndonos la oportunidad de mostrarles nuestras \u00faltimas innovaciones, como el nuevo controlador PCT-315 que pr\u00f3ximamente lanzaremos a la venta.<\/p>\n\n\n\n<figure class=\"wp-block-image size-full\"><img loading=\"lazy\" decoding=\"async\" width=\"1024\" height=\"768\" src=\"https:\/\/www.escarre.com\/wp-content\/uploads\/Stand-22.jpg\" alt=\"\" class=\"wp-image-4866\" srcset=\"https:\/\/www.escarre.com\/wp-content\/uploads\/Stand-22.jpg 1024w, https:\/\/www.escarre.com\/wp-content\/uploads\/Stand-22-960x720.jpg 960w\" sizes=\"auto, (max-width: 1024px) 100vw, 1024px\" \/><\/figure>\n\n\n\n<h3>Una nueva imagen para reflejar el futuro.<\/h3>\n<p>ITMA 2023 nos brind\u00f3 la oportunidad perfecta para presentar nuestro nuevo dise\u00f1o de estand, reflejando la evoluci\u00f3n y el crecimiento de EAS como empresa. Nuestro estand exhibi\u00f3 un enfoque fresco y moderno, en l\u00ednea con nuestra nueva identidad de marca y visi\u00f3n estrat\u00e9gica. Los colores vibrantes y el dise\u00f1o minimalista captaron la atenci\u00f3n de los visitantes, creando un ambiente acogedor y atractivo para interactuar y descubrir nuestras soluciones tecnol\u00f3gicas. Adem\u00e1s, la zona lounge que incluimos en esta edici\u00f3n fue todo un \u00e9xito.<\/p>\n\n\n<div class=\"wp-block-image\">\n<figure class=\"aligncenter size-full is-resized\"><img loading=\"lazy\" decoding=\"async\" src=\"https:\/\/www.escarre.com\/wp-content\/uploads\/Recurso-27.png\" alt=\"\" class=\"wp-image-4869\" width=\"315\" height=\"317\" srcset=\"https:\/\/www.escarre.com\/wp-content\/uploads\/Recurso-27.png 596w, https:\/\/www.escarre.com\/wp-content\/uploads\/Recurso-27-150x150.png 150w\" sizes=\"auto, (max-width: 315px) 100vw, 315px\" \/><\/figure>\n<\/div>\n\n\n<h3 class=\"ql-heading\" data-block-id=\"block-9b9aabc9-83e2-458f-bc2a-fba26e3104ba\">Software enfocado en el textil 4.0<\/h3>\n<p class=\"ql-block\" data-block-id=\"block-9c5872c5-fd1c-40a2-8183-78c26fa0caf9\">En esta nueva etapa, hemos puesto especial \u00e9nfasis en fortalecer nuestro enfoque en el software textil 4.0. En cada edici\u00f3n de la ITMA, dedicamos una secci\u00f3n exclusiva de nuestro estand para resaltar nuestras soluciones de software. Los visitantes tuvieron la oportunidad de experimentar con nuestras aplicaciones y asistir a demostraciones exclusivas organizadas por nuestro departamento de software.<\/p>\n<div data-block-id=\"block-9c5872c5-fd1c-40a2-8183-78c26fa0caf9\">&nbsp;<\/div>\n<div data-block-id=\"block-9c5872c5-fd1c-40a2-8183-78c26fa0caf9\"><img loading=\"lazy\" decoding=\"async\" class=\"alignnone size-full wp-image-4872\" src=\"https:\/\/www.escarre.com\/wp-content\/uploads\/IMG_20230613_114528.jpg\" alt=\"\" width=\"2560\" height=\"1152\" srcset=\"https:\/\/www.escarre.com\/wp-content\/uploads\/IMG_20230613_114528.jpg 2560w, https:\/\/www.escarre.com\/wp-content\/uploads\/IMG_20230613_114528-960x432.jpg 960w\" sizes=\"auto, (max-width: 2560px) 100vw, 2560px\" \/><\/div>\n<div data-block-id=\"block-9c5872c5-fd1c-40a2-8183-78c26fa0caf9\">&nbsp;<\/div>\n\n\n\n<p class=\"ql-block\" data-block-id=\"block-7852be9a-c015-4564-8980-56db46e5e9e7\">Durante estos d\u00edas, compartimos conocimientos y recibimos valiosos comentarios de los visitantes, lo que result\u00f3 en un enriquecimiento mutuo. Nuestro compromiso con el desarrollo de software textil avanzado nos impulsa a seguir innovando y mejorando nuestras soluciones para satisfacer las cambiantes necesidades de la industria.<\/p>\n<p class=\"ql-block\" data-block-id=\"block-4d40f9ad-d6b8-4563-9a6a-7b5e781ee707\">Nuestro software textil 4.0 est\u00e1 dise\u00f1ado para optimizar los procesos de producci\u00f3n, mejorar la eficiencia y la calidad, y fomentar la colaboraci\u00f3n en toda la cadena de suministro textil. Con nuestras aplicaciones, las empresas pueden gestionar de manera m\u00e1s eficiente todas sus operaciones, desde el dise\u00f1o y desarrollo de productos hasta el control de la producci\u00f3n y la gesti\u00f3n de inventarios. Adem\u00e1s, nuestra oferta de software textil 4.0 incluye herramientas avanzadas de an\u00e1lisis de datos y aprendizaje autom\u00e1tico, que permiten a las empresas obtener informaci\u00f3n valiosa a partir de los datos generados en sus operaciones. Esto les brinda la capacidad de tomar decisiones m\u00e1s informadas y basadas en datos para mejorar la eficacia y la rentabilidad.<\/p>\n\n\n<div class=\"wp-block-image\">\n<figure class=\"aligncenter size-full is-resized\"><img loading=\"lazy\" decoding=\"async\" src=\"https:\/\/www.escarre.com\/wp-content\/uploads\/Icones-Software-EAS.jpg\" alt=\"\" class=\"wp-image-4876\" width=\"596\" height=\"352\"\/><\/figure>\n<\/div>\n\n\n<p>Hemos adquirido un fuerte compromiso en ofrecer soluciones de software textil 4.0 de vanguardia que impulsen la transformaci\u00f3n digital en la industria textil. Nuestro enfoque en la innovaci\u00f3n, la colaboraci\u00f3n y el feedback continuo nos permite seguir avanzando y ofrecer soluciones que ayuden a las empresas a alcanzar el \u00e9xito en el entorno textil actual.<\/p>\n<h3>TecnoSal: El sistema de salmuera que marca un hito en la industria textil<\/h3>\n<p>Esta m\u00e1quina innovadora marca un hito en la industria textil y nos enorgullece haberla mostrado por primera vez en esta destacada feria. Con una combinaci\u00f3n excepcional de tecnolog\u00eda de vanguardia y un dise\u00f1o ergon\u00f3mico y eficiente, TecnoSal ofrece a nuestros clientes una soluci\u00f3n completa y altamente rentable para automatizar los procesos de preparaci\u00f3n de salmuera.<\/p>\n<p><img loading=\"lazy\" decoding=\"async\" class=\"wp-image-4879 aligncenter\" src=\"https:\/\/www.escarre.com\/wp-content\/uploads\/TecnoSal-Instaladas-.jpg\" alt=\"\" width=\"666\" height=\"368\" srcset=\"https:\/\/www.escarre.com\/wp-content\/uploads\/TecnoSal-Instaladas-.jpg 1912w, https:\/\/www.escarre.com\/wp-content\/uploads\/TecnoSal-Instaladas--960x531.jpg 960w\" sizes=\"auto, (max-width: 666px) 100vw, 666px\" \/><\/p>\n<p>La respuesta de los visitantes ha sido simplemente asombrosa. El entusiasmo que gener\u00f3 TecnoSal fue tan abrumador que hemos logrado cerrar varias ventas durante el evento. Estamos emocionados por la oportunidad de trabajar estrechamente con nuestros clientes para implementar TecnoSal en sus operaciones y automatizar todo el flujo de sal de forma eficiente. Con TecnoSal, hemos dado un paso adelante en la optimizaci\u00f3n de la producci\u00f3n textil.<\/p>\n\n\n\n<h3>Objetivo: Hannover 2027<\/h3>\n<p>Desde nuestra primera participaci\u00f3n en la ITMA de 1999, en EAS hemos experimentado un crecimiento excepcional. Nuestra base de clientes y visitantes ha crecido significativamente, y queremos expresar nuestro m\u00e1s sincero agradecimiento a todos aquellos que nos han apoyado en este emocionante viaje, especialmente a nuestros valiosos clientes. Su apoyo continuo nos impulsa a seguir innovando y ofreciendo soluciones tecnol\u00f3gicas de vanguardia para la industria textil.<\/p>\n\n\n\n<div class=\"wp-block-buttons is-layout-flex wp-block-buttons-is-layout-flex\"><\/div>\n\n\n<div class=\"wp-block-image\">\n<figure class=\"aligncenter size-full is-resized\"><img loading=\"lazy\" decoding=\"async\" src=\"https:\/\/www.escarre.com\/wp-content\/uploads\/ITMA-2027.jpg\" alt=\"\" class=\"wp-image-4882\" width=\"354\" height=\"266\" srcset=\"https:\/\/www.escarre.com\/wp-content\/uploads\/ITMA-2027.jpg 1600w, https:\/\/www.escarre.com\/wp-content\/uploads\/ITMA-2027-960x720.jpg 960w\" sizes=\"auto, (max-width: 354px) 100vw, 354px\" \/><\/figure>\n<\/div>\n\n\n<p>\u00a0<\/p>\n<p>Despu\u00e9s del rotundo \u00e9xito de la edici\u00f3n de Mil\u00e1n en 2023, ahora enfocamos nuestra atenci\u00f3n en el pr\u00f3ximo evento que se llevar\u00e1 a cabo en Hannover del 16 al 22 de septiembre de 2027. Estamos entusiasmados por lo que el futuro nos depara y los desaf\u00edos que nos esperan. En esta ocasi\u00f3n, presentaremos emocionantes desarrollos futuros que demuestran nuestro compromiso continuo con la digitalizaci\u00f3n textil a nivel global.<\/p>\n<p>Nos enorgullece ser parte de la evoluci\u00f3n de la industria textil y estamos comprometidos en impulsar su transformaci\u00f3n hacia un futuro m\u00e1s sostenible y eficiente. Hannover 2027 ser\u00e1 una oportunidad para compartir conocimientos, establecer conexiones y colaborar con otros l\u00edderes de la industria.<\/p>\n","protected":false},"excerpt":{"rendered":"<p>Una edici\u00f3n marcada por la gran afluencia de visitantes, un estand que se reinventa con una imagen fresca, exposici\u00f3n de nueva maquinaria y un rinc\u00f3n especializado en software para revolucionar la industria textil. <\/p>\n","protected":false},"author":3,"featured_media":4885,"comment_status":"closed","ping_status":"closed","sticky":false,"template":"","format":"standard","meta":{"_acf_changed":false,"footnotes":""},"categories":[1,91],"tags":[200,201,203],"class_list":["post-4865","post","type-post","status-publish","format-standard","has-post-thumbnail","hentry","category-sin-categorizar","category-noticias","tag-itma2023","tag-ferias-textiles","tag-203"],"acf":[],"yoast_head":"<!-- This site is optimized with the Yoast SEO plugin v26.7 - https:\/\/yoast.com\/wordpress\/plugins\/seo\/ -->\n<title>EAS cierra con \u00e9xito la edici\u00f3n de la ITMA 2023 - Escarre<\/title>\n<meta name=\"description\" content=\"Una edici\u00f3n marcada por la gran afluencia de visitantes, un estand que se reinventa con una imagen fresca, exposici\u00f3n de nueva maquinaria y un rinc\u00f3n especializado en software para revolucionar la industria textil.\" \/>\n<meta name=\"robots\" content=\"index, follow, max-snippet:-1, max-image-preview:large, max-video-preview:-1\" \/>\n<link rel=\"canonical\" href=\"https:\/\/www.escarre.com\/es\/noticia\/eas-cierra-con-exito-la-edicion-de-la-itma-2023\/\" \/>\n<meta property=\"og:locale\" content=\"es_ES\" \/>\n<meta property=\"og:type\" content=\"article\" \/>\n<meta property=\"og:title\" content=\"EAS cierra con \u00e9xito la edici\u00f3n de la ITMA 2023 - Escarre\" \/>\n<meta property=\"og:description\" content=\"Una edici\u00f3n marcada por la gran afluencia de visitantes, un estand que se reinventa con una imagen fresca, exposici\u00f3n de nueva maquinaria y un rinc\u00f3n especializado en software para revolucionar la industria textil.\" \/>\n<meta property=\"og:url\" content=\"https:\/\/www.escarre.com\/es\/noticia\/eas-cierra-con-exito-la-edicion-de-la-itma-2023\/\" \/>\n<meta property=\"og:site_name\" content=\"Escarre\" \/>\n<meta property=\"article:published_time\" content=\"2023-07-25T07:42:49+00:00\" \/>\n<meta property=\"article:modified_time\" content=\"2023-08-31T09:42:32+00:00\" \/>\n<meta property=\"og:image\" content=\"https:\/\/www.escarre.com\/wp-content\/uploads\/IMG_20230614_144623.jpg\" \/>\n\t<meta property=\"og:image:width\" content=\"2560\" \/>\n\t<meta property=\"og:image:height\" content=\"1155\" \/>\n\t<meta property=\"og:image:type\" content=\"image\/jpeg\" \/>\n<meta name=\"author\" content=\"Escarre\" \/>\n<meta name=\"twitter:card\" content=\"summary_large_image\" \/>\n<meta name=\"twitter:label1\" content=\"Escrito por\" \/>\n\t<meta name=\"twitter:data1\" content=\"Escarre\" \/>\n\t<meta name=\"twitter:label2\" content=\"Tiempo de lectura\" \/>\n\t<meta name=\"twitter:data2\" content=\"5 minutos\" \/>\n<script type=\"application\/ld+json\" class=\"yoast-schema-graph\">{\"@context\":\"https:\/\/schema.org\",\"@graph\":[{\"@type\":\"Article\",\"@id\":\"https:\/\/www.escarre.com\/es\/noticia\/eas-cierra-con-exito-la-edicion-de-la-itma-2023\/#article\",\"isPartOf\":{\"@id\":\"https:\/\/www.escarre.com\/es\/noticia\/eas-cierra-con-exito-la-edicion-de-la-itma-2023\/\"},\"author\":{\"name\":\"Escarre\",\"@id\":\"https:\/\/www.escarre.com\/es\/#\/schema\/person\/4fe75c470246e1a24601cd3d3cf112da\"},\"headline\":\"EAS cierra con \u00e9xito la edici\u00f3n de la ITMA 2023\",\"datePublished\":\"2023-07-25T07:42:49+00:00\",\"dateModified\":\"2023-08-31T09:42:32+00:00\",\"mainEntityOfPage\":{\"@id\":\"https:\/\/www.escarre.com\/es\/noticia\/eas-cierra-con-exito-la-edicion-de-la-itma-2023\/\"},\"wordCount\":885,\"publisher\":{\"@id\":\"https:\/\/www.escarre.com\/es\/#organization\"},\"image\":{\"@id\":\"https:\/\/www.escarre.com\/es\/noticia\/eas-cierra-con-exito-la-edicion-de-la-itma-2023\/#primaryimage\"},\"thumbnailUrl\":\"https:\/\/www.escarre.com\/wp-content\/uploads\/IMG_20230614_144623.jpg\",\"keywords\":[\"ITMA2023\",\"Ferias textiles\",\"2023\"],\"articleSection\":[\"Sin categorizar\",\"Noticias\"],\"inLanguage\":\"es\"},{\"@type\":\"WebPage\",\"@id\":\"https:\/\/www.escarre.com\/es\/noticia\/eas-cierra-con-exito-la-edicion-de-la-itma-2023\/\",\"url\":\"https:\/\/www.escarre.com\/es\/noticia\/eas-cierra-con-exito-la-edicion-de-la-itma-2023\/\",\"name\":\"EAS cierra con \u00e9xito la edici\u00f3n de la ITMA 2023 - Escarre\",\"isPartOf\":{\"@id\":\"https:\/\/www.escarre.com\/es\/#website\"},\"primaryImageOfPage\":{\"@id\":\"https:\/\/www.escarre.com\/es\/noticia\/eas-cierra-con-exito-la-edicion-de-la-itma-2023\/#primaryimage\"},\"image\":{\"@id\":\"https:\/\/www.escarre.com\/es\/noticia\/eas-cierra-con-exito-la-edicion-de-la-itma-2023\/#primaryimage\"},\"thumbnailUrl\":\"https:\/\/www.escarre.com\/wp-content\/uploads\/IMG_20230614_144623.jpg\",\"datePublished\":\"2023-07-25T07:42:49+00:00\",\"dateModified\":\"2023-08-31T09:42:32+00:00\",\"description\":\"Una edici\u00f3n marcada por la gran afluencia de visitantes, un estand que se reinventa con una imagen fresca, exposici\u00f3n de nueva maquinaria y un rinc\u00f3n especializado en software para revolucionar la industria textil.\",\"breadcrumb\":{\"@id\":\"https:\/\/www.escarre.com\/es\/noticia\/eas-cierra-con-exito-la-edicion-de-la-itma-2023\/#breadcrumb\"},\"inLanguage\":\"es\",\"potentialAction\":[{\"@type\":\"ReadAction\",\"target\":[\"https:\/\/www.escarre.com\/es\/noticia\/eas-cierra-con-exito-la-edicion-de-la-itma-2023\/\"]}]},{\"@type\":\"ImageObject\",\"inLanguage\":\"es\",\"@id\":\"https:\/\/www.escarre.com\/es\/noticia\/eas-cierra-con-exito-la-edicion-de-la-itma-2023\/#primaryimage\",\"url\":\"https:\/\/www.escarre.com\/wp-content\/uploads\/IMG_20230614_144623.jpg\",\"contentUrl\":\"https:\/\/www.escarre.com\/wp-content\/uploads\/IMG_20230614_144623.jpg\",\"width\":2560,\"height\":1155},{\"@type\":\"BreadcrumbList\",\"@id\":\"https:\/\/www.escarre.com\/es\/noticia\/eas-cierra-con-exito-la-edicion-de-la-itma-2023\/#breadcrumb\",\"itemListElement\":[{\"@type\":\"ListItem\",\"position\":1,\"name\":\"Portada\",\"item\":\"https:\/\/www.escarre.com\/es\/\"},{\"@type\":\"ListItem\",\"position\":2,\"name\":\"EAS cierra con \u00e9xito la edici\u00f3n de la ITMA 2023\"}]},{\"@type\":\"WebSite\",\"@id\":\"https:\/\/www.escarre.com\/es\/#website\",\"url\":\"https:\/\/www.escarre.com\/es\/\",\"name\":\"Escarre\",\"description\":\"\",\"publisher\":{\"@id\":\"https:\/\/www.escarre.com\/es\/#organization\"},\"potentialAction\":[{\"@type\":\"SearchAction\",\"target\":{\"@type\":\"EntryPoint\",\"urlTemplate\":\"https:\/\/www.escarre.com\/es\/?s={search_term_string}\"},\"query-input\":{\"@type\":\"PropertyValueSpecification\",\"valueRequired\":true,\"valueName\":\"search_term_string\"}}],\"inLanguage\":\"es\"},{\"@type\":\"Organization\",\"@id\":\"https:\/\/www.escarre.com\/es\/#organization\",\"name\":\"Escarre\",\"url\":\"https:\/\/www.escarre.com\/es\/\",\"logo\":{\"@type\":\"ImageObject\",\"inLanguage\":\"es\",\"@id\":\"https:\/\/www.escarre.com\/es\/#\/schema\/logo\/image\/\",\"url\":\"https:\/\/www.escarre.com\/wp-content\/uploads\/logo-eas-1.png\",\"contentUrl\":\"https:\/\/www.escarre.com\/wp-content\/uploads\/logo-eas-1.png\",\"width\":700,\"height\":125,\"caption\":\"Escarre\"},\"image\":{\"@id\":\"https:\/\/www.escarre.com\/es\/#\/schema\/logo\/image\/\"}},{\"@type\":\"Person\",\"@id\":\"https:\/\/www.escarre.com\/es\/#\/schema\/person\/4fe75c470246e1a24601cd3d3cf112da\",\"name\":\"Escarre\",\"url\":\"https:\/\/www.escarre.com\/es\/noticias\/author\/escarre\/\"}]}<\/script>\n<!-- \/ Yoast SEO plugin. -->","yoast_head_json":{"title":"EAS cierra con \u00e9xito la edici\u00f3n de la ITMA 2023 - Escarre","description":"Una edici\u00f3n marcada por la gran afluencia de visitantes, un estand que se reinventa con una imagen fresca, exposici\u00f3n de nueva maquinaria y un rinc\u00f3n especializado en software para revolucionar la industria textil.","robots":{"index":"index","follow":"follow","max-snippet":"max-snippet:-1","max-image-preview":"max-image-preview:large","max-video-preview":"max-video-preview:-1"},"canonical":"https:\/\/www.escarre.com\/es\/noticia\/eas-cierra-con-exito-la-edicion-de-la-itma-2023\/","og_locale":"es_ES","og_type":"article","og_title":"EAS cierra con \u00e9xito la edici\u00f3n de la ITMA 2023 - Escarre","og_description":"Una edici\u00f3n marcada por la gran afluencia de visitantes, un estand que se reinventa con una imagen fresca, exposici\u00f3n de nueva maquinaria y un rinc\u00f3n especializado en software para revolucionar la industria textil.","og_url":"https:\/\/www.escarre.com\/es\/noticia\/eas-cierra-con-exito-la-edicion-de-la-itma-2023\/","og_site_name":"Escarre","article_published_time":"2023-07-25T07:42:49+00:00","article_modified_time":"2023-08-31T09:42:32+00:00","og_image":[{"width":2560,"height":1155,"url":"https:\/\/www.escarre.com\/wp-content\/uploads\/IMG_20230614_144623.jpg","type":"image\/jpeg"}],"author":"Escarre","twitter_card":"summary_large_image","twitter_misc":{"Escrito por":"Escarre","Tiempo de lectura":"5 minutos"},"schema":{"@context":"https:\/\/schema.org","@graph":[{"@type":"Article","@id":"https:\/\/www.escarre.com\/es\/noticia\/eas-cierra-con-exito-la-edicion-de-la-itma-2023\/#article","isPartOf":{"@id":"https:\/\/www.escarre.com\/es\/noticia\/eas-cierra-con-exito-la-edicion-de-la-itma-2023\/"},"author":{"name":"Escarre","@id":"https:\/\/www.escarre.com\/es\/#\/schema\/person\/4fe75c470246e1a24601cd3d3cf112da"},"headline":"EAS cierra con \u00e9xito la edici\u00f3n de la ITMA 2023","datePublished":"2023-07-25T07:42:49+00:00","dateModified":"2023-08-31T09:42:32+00:00","mainEntityOfPage":{"@id":"https:\/\/www.escarre.com\/es\/noticia\/eas-cierra-con-exito-la-edicion-de-la-itma-2023\/"},"wordCount":885,"publisher":{"@id":"https:\/\/www.escarre.com\/es\/#organization"},"image":{"@id":"https:\/\/www.escarre.com\/es\/noticia\/eas-cierra-con-exito-la-edicion-de-la-itma-2023\/#primaryimage"},"thumbnailUrl":"https:\/\/www.escarre.com\/wp-content\/uploads\/IMG_20230614_144623.jpg","keywords":["ITMA2023","Ferias textiles","2023"],"articleSection":["Sin categorizar","Noticias"],"inLanguage":"es"},{"@type":"WebPage","@id":"https:\/\/www.escarre.com\/es\/noticia\/eas-cierra-con-exito-la-edicion-de-la-itma-2023\/","url":"https:\/\/www.escarre.com\/es\/noticia\/eas-cierra-con-exito-la-edicion-de-la-itma-2023\/","name":"EAS cierra con \u00e9xito la edici\u00f3n de la ITMA 2023 - Escarre","isPartOf":{"@id":"https:\/\/www.escarre.com\/es\/#website"},"primaryImageOfPage":{"@id":"https:\/\/www.escarre.com\/es\/noticia\/eas-cierra-con-exito-la-edicion-de-la-itma-2023\/#primaryimage"},"image":{"@id":"https:\/\/www.escarre.com\/es\/noticia\/eas-cierra-con-exito-la-edicion-de-la-itma-2023\/#primaryimage"},"thumbnailUrl":"https:\/\/www.escarre.com\/wp-content\/uploads\/IMG_20230614_144623.jpg","datePublished":"2023-07-25T07:42:49+00:00","dateModified":"2023-08-31T09:42:32+00:00","description":"Una edici\u00f3n marcada por la gran afluencia de visitantes, un estand que se reinventa con una imagen fresca, exposici\u00f3n de nueva maquinaria y un rinc\u00f3n especializado en software para revolucionar la industria textil.","breadcrumb":{"@id":"https:\/\/www.escarre.com\/es\/noticia\/eas-cierra-con-exito-la-edicion-de-la-itma-2023\/#breadcrumb"},"inLanguage":"es","potentialAction":[{"@type":"ReadAction","target":["https:\/\/www.escarre.com\/es\/noticia\/eas-cierra-con-exito-la-edicion-de-la-itma-2023\/"]}]},{"@type":"ImageObject","inLanguage":"es","@id":"https:\/\/www.escarre.com\/es\/noticia\/eas-cierra-con-exito-la-edicion-de-la-itma-2023\/#primaryimage","url":"https:\/\/www.escarre.com\/wp-content\/uploads\/IMG_20230614_144623.jpg","contentUrl":"https:\/\/www.escarre.com\/wp-content\/uploads\/IMG_20230614_144623.jpg","width":2560,"height":1155},{"@type":"BreadcrumbList","@id":"https:\/\/www.escarre.com\/es\/noticia\/eas-cierra-con-exito-la-edicion-de-la-itma-2023\/#breadcrumb","itemListElement":[{"@type":"ListItem","position":1,"name":"Portada","item":"https:\/\/www.escarre.com\/es\/"},{"@type":"ListItem","position":2,"name":"EAS cierra con \u00e9xito la edici\u00f3n de la ITMA 2023"}]},{"@type":"WebSite","@id":"https:\/\/www.escarre.com\/es\/#website","url":"https:\/\/www.escarre.com\/es\/","name":"Escarre","description":"","publisher":{"@id":"https:\/\/www.escarre.com\/es\/#organization"},"potentialAction":[{"@type":"SearchAction","target":{"@type":"EntryPoint","urlTemplate":"https:\/\/www.escarre.com\/es\/?s={search_term_string}"},"query-input":{"@type":"PropertyValueSpecification","valueRequired":true,"valueName":"search_term_string"}}],"inLanguage":"es"},{"@type":"Organization","@id":"https:\/\/www.escarre.com\/es\/#organization","name":"Escarre","url":"https:\/\/www.escarre.com\/es\/","logo":{"@type":"ImageObject","inLanguage":"es","@id":"https:\/\/www.escarre.com\/es\/#\/schema\/logo\/image\/","url":"https:\/\/www.escarre.com\/wp-content\/uploads\/logo-eas-1.png","contentUrl":"https:\/\/www.escarre.com\/wp-content\/uploads\/logo-eas-1.png","width":700,"height":125,"caption":"Escarre"},"image":{"@id":"https:\/\/www.escarre.com\/es\/#\/schema\/logo\/image\/"}},{"@type":"Person","@id":"https:\/\/www.escarre.com\/es\/#\/schema\/person\/4fe75c470246e1a24601cd3d3cf112da","name":"Escarre","url":"https:\/\/www.escarre.com\/es\/noticias\/author\/escarre\/"}]}},"_links":{"self":[{"href":"https:\/\/www.escarre.com\/es\/wp-json\/wp\/v2\/posts\/4865","targetHints":{"allow":["GET"]}}],"collection":[{"href":"https:\/\/www.escarre.com\/es\/wp-json\/wp\/v2\/posts"}],"about":[{"href":"https:\/\/www.escarre.com\/es\/wp-json\/wp\/v2\/types\/post"}],"author":[{"embeddable":true,"href":"https:\/\/www.escarre.com\/es\/wp-json\/wp\/v2\/users\/3"}],"replies":[{"embeddable":true,"href":"https:\/\/www.escarre.com\/es\/wp-json\/wp\/v2\/comments?post=4865"}],"version-history":[{"count":15,"href":"https:\/\/www.escarre.com\/es\/wp-json\/wp\/v2\/posts\/4865\/revisions"}],"predecessor-version":[{"id":4916,"href":"https:\/\/www.escarre.com\/es\/wp-json\/wp\/v2\/posts\/4865\/revisions\/4916"}],"wp:featuredmedia":[{"embeddable":true,"href":"https:\/\/www.escarre.com\/es\/wp-json\/wp\/v2\/media\/4885"}],"wp:attachment":[{"href":"https:\/\/www.escarre.com\/es\/wp-json\/wp\/v2\/media?parent=4865"}],"wp:term":[{"taxonomy":"category","embeddable":true,"href":"https:\/\/www.escarre.com\/es\/wp-json\/wp\/v2\/categories?post=4865"},{"taxonomy":"post_tag","embeddable":true,"href":"https:\/\/www.escarre.com\/es\/wp-json\/wp\/v2\/tags?post=4865"}],"curies":[{"name":"wp","href":"https:\/\/api.w.org\/{rel}","templated":true}]}}