{"id":7178,"date":"2024-05-31T06:57:36","date_gmt":"2024-05-31T06:57:36","guid":{"rendered":"https:\/\/www.escarre.com\/febratex-2024\/"},"modified":"2024-05-31T07:40:01","modified_gmt":"2024-05-31T07:40:01","slug":"febratex-2024","status":"publish","type":"post","link":"https:\/\/www.escarre.com\/es\/noticia\/febratex-2024\/","title":{"rendered":"Febratex 2024: La cita clave para la industria textil en Brasil y Am\u00e9rica Latina."},"content":{"rendered":"\n<p><a href=\"https:\/\/febratex.com.br\/\">Febratex 2024<\/a> se perfila como el evento m\u00e1s importante del a\u00f1o para la industria textil en Brasil y toda Latinoam\u00e9rica. Con una trayectoria consolidada, Febratex se ha convertido en un punto de encuentro esencial para profesionales del sector, donde se presentan las \u00faltimas innovaciones tecnol\u00f3gicas, tendencias y oportunidades de negocio. Este a\u00f1o, el evento promete superar todas las expectativas, y queremos asegurarnos de que no te lo pierdas.<\/p>\n\n\n\n<figure class=\"wp-block-image size-full\"><img loading=\"lazy\" decoding=\"async\" width=\"1920\" height=\"500\" src=\"https:\/\/www.escarre.com\/wp-content\/uploads\/Fabratex.jpg\" alt=\"\" class=\"wp-image-7167\" srcset=\"https:\/\/www.escarre.com\/wp-content\/uploads\/Fabratex.jpg 1920w, https:\/\/www.escarre.com\/wp-content\/uploads\/Fabratex-960x250.jpg 960w\" sizes=\"auto, (max-width: 1920px) 100vw, 1920px\" \/><\/figure>\n\n\n\n<h3 class=\"wp-block-heading\">Detalles del evento<\/h3>\n\n\n\n<p>Febratex 2024 se llevar\u00e1 a cabo del 20 al 23 de agosto en el Parque Vila Germ\u00e2nica, situado en la hermosa ciudad de Blumenau, Santa Catarina. Este recinto ferial es conocido por su excelente infraestructura y ubicaci\u00f3n estrat\u00e9gica, lo que facilita el acceso para visitantes de toda la regi\u00f3n.<\/p>\n\n\n\n<h4 class=\"wp-block-heading\">Fechas y horarios:<\/h4>\n\n\n\n<p>Fechas y Horarios:<\/p>\n\n\n\n<p>Fecha: 20-23 de agosto de 2024<\/p>\n\n\n\n<p>Horario: 13:00 &#8211; 20:00<\/p>\n\n\n\n<h3 class=\"wp-block-heading\">Ubicaci\u00f3n<\/h3>\n\n\n\n<p>Direcci\u00f3n: Parque Vila Germ\u00e2nica, Rua Alberto Stein, 199, Blumenau, SC, Brasil<\/p>\n\n\n\n<p>Para llegar al Parque Vila Germ\u00e2nica, puedes optar por diversos medios de transporte. Desde el aeropuerto de Navegantes, hay servicios de traslado directo, adem\u00e1s de opciones de taxi y aplicaciones de transporte.<\/p>\n\n\n<div class=\"wp-block-image\">\n<figure class=\"aligncenter size-full is-resized\"><img loading=\"lazy\" decoding=\"async\" width=\"300\" height=\"168\" src=\"https:\/\/www.escarre.com\/wp-content\/uploads\/download-3.jpg\" alt=\"\" class=\"wp-image-7170\" style=\"width:413px;height:auto\"\/><\/figure>\n<\/div>\n\n\n<h3 class=\"wp-block-heading\">Nuestra participaci\u00f3n en Febratex 2024<\/h3>\n\n\n\n<p>Estamos emocionados de anunciar nuestra participaci\u00f3n en Febratex 2024. Nos encontrar\u00e1s en el <strong>sector 3, rua 20, estand 10<\/strong>, donde estaremos presentando nuestras \u00faltimas innovaciones y soluciones para la industria textil. Queremos invitarte personalmente a visitarnos y conocer m\u00e1s sobre nuestros productos y servicios.<\/p>\n\n\n\n<h4 class=\"wp-block-heading\">Invitaciones especiales: <\/h4>\n\n\n\n<p>Para nuestros lectores m\u00e1s fieles, hemos reservado invitaciones especiales. Solo necesitas hacer clic en el enlace [<a href=\"https:\/\/forms.clickup.com\/4783172\/f\/4hz24-26077\/QAF2KYEO2DYVM64N9W\">Aqui<\/a>]  para registrarte y recibir tu credencial de acceso gratuito. \u00a1No te pierdas esta oportunidad \u00fanica! <\/p>\n\n\n\n<h3 class=\"wp-block-heading\">Lo que puedes esperar de Febratex 2024 <\/h3>\n\n\n\n<p>Febratex 2024 promete ser un evento repleto de actividades interesantes y enriquecedoras. Aqu\u00ed te contamos algunas de las cosas m\u00e1s destacadas que podr\u00e1s encontrar:<\/p>\n\n\n\n<h4 class=\"wp-block-heading\">Expositores Destacados:<\/h4>\n\n\n\n<p>M\u00e1s de 500 expositores nacionales e internacionales presentar\u00e1n sus productos y servicios m\u00e1s innovadores, desde maquinaria textil hasta soluciones de software.<\/p>\n\n\n\n<h4 class=\"wp-block-heading\">Innovaciones tecnol\u00f3gicas:<\/h4>\n\n\n\n<p>Con un enfoque en la Industria 4.0, Febratex 2024 ser\u00e1 el escaparate de las \u00faltimas tecnolog\u00edas en automatizaci\u00f3n, inteligencia artificial y sostenibilidad aplicada al sector textil.<\/p>\n\n\n\n<h4 class=\"wp-block-heading\">Conferencias y ponencias:<\/h4>\n\n\n\n<p>El programa de conferencias incluir\u00e1 a renombrados expertos del sector que compartir\u00e1n sus conocimientos y experiencias. Las tem\u00e1ticas abordar\u00e1n desde el dise\u00f1o textil hasta la gesti\u00f3n de la cadena de suministro y las estrategias de mercado.<\/p>\n\n\n<div class=\"wp-block-image\">\n<figure class=\"aligncenter size-full is-resized\"><img loading=\"lazy\" decoding=\"async\" width=\"275\" height=\"183\" src=\"https:\/\/www.escarre.com\/wp-content\/uploads\/images.jpg\" alt=\"\" class=\"wp-image-7173\" style=\"width:403px;height:auto\"\/><\/figure>\n<\/div>\n\n\n<h3 class=\"wp-block-heading\">La industria textil en Brasil<\/h3>\n\n\n\n<p>La industria textil en Brasil ha experimentado un crecimiento significativo en los \u00faltimos a\u00f1os, posicion\u00e1ndose como uno de los sectores m\u00e1s din\u00e1micos de la econom\u00eda del pa\u00eds. Con una producci\u00f3n que abarca desde fibras naturales hasta productos textiles terminados, Brasil se destaca por su capacidad de innovaci\u00f3n y su enfoque en la sostenibilidad<\/p>\n\n\n\n<h4 class=\"wp-block-heading\">Tendencias actuales:<\/h4>\n\n\n\n<ul class=\"wp-block-list\">\n<li>Sostenibilidad: La adopci\u00f3n de pr\u00e1cticas sostenibles y el uso de materiales eco-friendly est\u00e1n transformando la industria.<\/li>\n\n\n\n<li>Digitalizaci\u00f3n: La incorporaci\u00f3n de tecnolog\u00edas digitales est\u00e1 optimizando los procesos de producci\u00f3n y mejorando la eficiencia.<\/li>\n\n\n\n<li>Moda R\u00e1pida: La r\u00e1pida respuesta a las tendencias del mercado sigue siendo crucial para mantener la competitividad.<\/li>\n<\/ul>\n\n\n\n<h3 class=\"wp-block-heading\">Benef\u00edcios de asistir a Febratex 2024<\/h3>\n\n\n\n<p>Participar en Febratex 2024 ofrece m\u00faltiples beneficios para los profesionales del sector textil. Aqu\u00ed te presentamos algunos de los m\u00e1s destacados:<\/p>\n\n\n\n<ul class=\"wp-block-list\">\n<li>Oportunidades de Networking: Conocer\u00e1s a l\u00edderes de la industria, proveedores y potenciales clientes, lo que abrir\u00e1 puertas a nuevas oportunidades de negocio y colaboraciones estrat\u00e9gicas.<\/li>\n\n\n\n<li>Acceso a las \u00daltimas Tendencias e Innovaciones: Descubrir\u00e1s las novedades m\u00e1s recientes en tecnolog\u00eda y dise\u00f1o textil, lo que te permitir\u00e1 mantenerte a la vanguardia del sector.<\/li>\n\n\n\n<li>Talleres y Actividades Formativas: Participar en talleres y sesiones formativas te brindar\u00e1 conocimientos pr\u00e1cticos que podr\u00e1s aplicar directamente en tu negocio o carrera profesional.<\/li>\n<\/ul>\n\n\n\n<h3 class=\"wp-block-heading\">Como registrarse y obtener su credencial. <\/h3>\n\n\n\n<p>El proceso de registro para Febratex 2024 es sencillo y r\u00e1pido. Sigue estos pasos para obtener tu credencial:<\/p>\n\n\n\n<ol class=\"wp-block-list\">\n<li><a href=\"https:\/\/forms.clickup.com\/4783172\/f\/4hz24-26077\/QAF2KYEO2DYVM64N9W\">Clica en el link de registro<\/a>.<\/li>\n\n\n\n<li>Completa el formulario con tus datos personales y profesionales.<\/li>\n\n\n\n<li>Recibir\u00e1s un correo electr\u00f3nico de confirmaci\u00f3n con tu credencial de acceso.<\/li>\n<\/ol>\n\n\n\n<p>No olvides imprimir tu credencial o llevarla en tu dispositivo m\u00f3vil para acceder al evento sin contratiempos.<\/p>\n\n\n\n<h2 class=\"wp-block-heading\">Consejos para aprovechar al m\u00e1ximo Febratex 2024<\/h2>\n\n\n\n<p>Para sacar el m\u00e1ximo provecho de tu participaci\u00f3n en Febratex 2024, te recomendamos seguir estos consejos:<\/p>\n\n\n\n<h3 class=\"wp-block-heading\">Preparativos antes del evento:<\/h3>\n\n\n\n<ul class=\"wp-block-list\">\n<li>Investiga: Consulta el programa del evento y los expositores para planificar tu visita.<\/li>\n\n\n\n<li>Agenda Citas: Si es posible, agenda reuniones con anticipaci\u00f3n para maximizar tu tiempo en el evento.<\/li>\n<\/ul>\n\n\n\n<h3 class=\"wp-block-heading\">Estrategias para el networking:<\/h3>\n\n\n\n<ul class=\"wp-block-list\">\n<li>Tarjetas de Presentaci\u00f3n: Lleva suficientes tarjetas de presentaci\u00f3n para intercambiar con otros profesionales.<\/li>\n\n\n\n<li>Participa Activamente: Asiste a las conferencias y talleres y participa en las sesiones de preguntas y respuestas.<\/li>\n<\/ul>\n\n\n\n<h3 class=\"wp-block-heading\">C\u00f3mo sacar el m\u00e1ximo provecho de las conferencias:<\/h3>\n\n\n\n<ul class=\"wp-block-list\">\n<li>Toma Notas: Registra los puntos clave y las ideas que te parezcan m\u00e1s relevantes.<\/li>\n\n\n\n<li>Interacciona con los Ponentes: No dudes en acercarte a los ponentes para hacer preguntas o intercambiar impresiones.<\/li>\n<\/ul>\n\n\n\n<p>Febratex 2024 es una cita imperdible para todos los profesionales del sector textil en Brasil y Latinoam\u00e9rica. Con una agenda repleta de actividades, expositores innovadores y oportunidades de aprendizaje, este evento te ofrecer\u00e1 todo lo que necesitas para mantenerte actualizado y conectado con la industria.<\/p>\n\n\n\n<p>\u00a1Nos vemos en Febratex 2024!<\/p>\n","protected":false},"excerpt":{"rendered":"<p>Febratex 2024 se perfila como el evento m\u00e1s importante del a\u00f1o para la industria textil en Brasil y toda Latinoam\u00e9rica. Con una trayectoria consolidada, Febratex se ha convertido en un &hellip;<\/p>\n","protected":false},"author":3,"featured_media":7193,"comment_status":"closed","ping_status":"closed","sticky":false,"template":"","format":"standard","meta":{"_acf_changed":false,"footnotes":""},"categories":[91],"tags":[],"class_list":["post-7178","post","type-post","status-publish","format-standard","has-post-thumbnail","hentry","category-noticias"],"acf":[],"yoast_head":"<!-- This site is optimized with the Yoast SEO plugin v26.7 - https:\/\/yoast.com\/wordpress\/plugins\/seo\/ -->\n<title>Febratex 2024: La cita clave para la industria textil en Brasil y Am\u00e9rica Latina. - Escarre<\/title>\n<meta name=\"description\" content=\"Descubre Febratex 2024, el evento m\u00e1s importante para la industria textil en Brasil y Am\u00e9rica Latina. Conoce las \u00faltimas innovaciones.\" \/>\n<meta name=\"robots\" content=\"index, follow, max-snippet:-1, max-image-preview:large, max-video-preview:-1\" \/>\n<link rel=\"canonical\" href=\"https:\/\/www.escarre.com\/es\/noticia\/febratex-2024\/\" \/>\n<meta property=\"og:locale\" content=\"es_ES\" \/>\n<meta property=\"og:type\" content=\"article\" \/>\n<meta property=\"og:title\" content=\"Febratex 2024: La cita clave para la industria textil en Brasil y Am\u00e9rica Latina. - Escarre\" \/>\n<meta property=\"og:description\" content=\"Descubre Febratex 2024, el evento m\u00e1s importante para la industria textil en Brasil y Am\u00e9rica Latina. Conoce las \u00faltimas innovaciones.\" \/>\n<meta property=\"og:url\" content=\"https:\/\/www.escarre.com\/es\/noticia\/febratex-2024\/\" \/>\n<meta property=\"og:site_name\" content=\"Escarre\" \/>\n<meta property=\"article:published_time\" content=\"2024-05-31T06:57:36+00:00\" \/>\n<meta property=\"article:modified_time\" content=\"2024-05-31T07:40:01+00:00\" \/>\n<meta property=\"og:image\" content=\"https:\/\/www.escarre.com\/wp-content\/uploads\/arquivo_378_05_02_2024_14_46_28.jpg\" \/>\n\t<meta property=\"og:image:width\" content=\"850\" \/>\n\t<meta property=\"og:image:height\" content=\"850\" \/>\n\t<meta property=\"og:image:type\" content=\"image\/jpeg\" \/>\n<meta name=\"author\" content=\"Escarre\" \/>\n<meta name=\"twitter:card\" content=\"summary_large_image\" \/>\n<meta name=\"twitter:label1\" content=\"Escrito por\" \/>\n\t<meta name=\"twitter:data1\" content=\"Escarre\" \/>\n\t<meta name=\"twitter:label2\" content=\"Tiempo de lectura\" \/>\n\t<meta name=\"twitter:data2\" content=\"5 minutos\" \/>\n<script type=\"application\/ld+json\" class=\"yoast-schema-graph\">{\"@context\":\"https:\/\/schema.org\",\"@graph\":[{\"@type\":\"Article\",\"@id\":\"https:\/\/www.escarre.com\/es\/noticia\/febratex-2024\/#article\",\"isPartOf\":{\"@id\":\"https:\/\/www.escarre.com\/es\/noticia\/febratex-2024\/\"},\"author\":{\"name\":\"Escarre\",\"@id\":\"https:\/\/www.escarre.com\/es\/#\/schema\/person\/4fe75c470246e1a24601cd3d3cf112da\"},\"headline\":\"Febratex 2024: La cita clave para la industria textil en Brasil y Am\u00e9rica Latina.\",\"datePublished\":\"2024-05-31T06:57:36+00:00\",\"dateModified\":\"2024-05-31T07:40:01+00:00\",\"mainEntityOfPage\":{\"@id\":\"https:\/\/www.escarre.com\/es\/noticia\/febratex-2024\/\"},\"wordCount\":907,\"publisher\":{\"@id\":\"https:\/\/www.escarre.com\/es\/#organization\"},\"image\":{\"@id\":\"https:\/\/www.escarre.com\/es\/noticia\/febratex-2024\/#primaryimage\"},\"thumbnailUrl\":\"https:\/\/www.escarre.com\/wp-content\/uploads\/arquivo_378_05_02_2024_14_46_28.jpg\",\"articleSection\":[\"Noticias\"],\"inLanguage\":\"es\"},{\"@type\":\"WebPage\",\"@id\":\"https:\/\/www.escarre.com\/es\/noticia\/febratex-2024\/\",\"url\":\"https:\/\/www.escarre.com\/es\/noticia\/febratex-2024\/\",\"name\":\"Febratex 2024: La cita clave para la industria textil en Brasil y Am\u00e9rica Latina. - Escarre\",\"isPartOf\":{\"@id\":\"https:\/\/www.escarre.com\/es\/#website\"},\"primaryImageOfPage\":{\"@id\":\"https:\/\/www.escarre.com\/es\/noticia\/febratex-2024\/#primaryimage\"},\"image\":{\"@id\":\"https:\/\/www.escarre.com\/es\/noticia\/febratex-2024\/#primaryimage\"},\"thumbnailUrl\":\"https:\/\/www.escarre.com\/wp-content\/uploads\/arquivo_378_05_02_2024_14_46_28.jpg\",\"datePublished\":\"2024-05-31T06:57:36+00:00\",\"dateModified\":\"2024-05-31T07:40:01+00:00\",\"description\":\"Descubre Febratex 2024, el evento m\u00e1s importante para la industria textil en Brasil y Am\u00e9rica Latina. Conoce las \u00faltimas innovaciones.\",\"breadcrumb\":{\"@id\":\"https:\/\/www.escarre.com\/es\/noticia\/febratex-2024\/#breadcrumb\"},\"inLanguage\":\"es\",\"potentialAction\":[{\"@type\":\"ReadAction\",\"target\":[\"https:\/\/www.escarre.com\/es\/noticia\/febratex-2024\/\"]}]},{\"@type\":\"ImageObject\",\"inLanguage\":\"es\",\"@id\":\"https:\/\/www.escarre.com\/es\/noticia\/febratex-2024\/#primaryimage\",\"url\":\"https:\/\/www.escarre.com\/wp-content\/uploads\/arquivo_378_05_02_2024_14_46_28.jpg\",\"contentUrl\":\"https:\/\/www.escarre.com\/wp-content\/uploads\/arquivo_378_05_02_2024_14_46_28.jpg\",\"width\":850,\"height\":850},{\"@type\":\"BreadcrumbList\",\"@id\":\"https:\/\/www.escarre.com\/es\/noticia\/febratex-2024\/#breadcrumb\",\"itemListElement\":[{\"@type\":\"ListItem\",\"position\":1,\"name\":\"Portada\",\"item\":\"https:\/\/www.escarre.com\/es\/\"},{\"@type\":\"ListItem\",\"position\":2,\"name\":\"Febratex 2024: La cita clave para la industria textil en Brasil y Am\u00e9rica Latina.\"}]},{\"@type\":\"WebSite\",\"@id\":\"https:\/\/www.escarre.com\/es\/#website\",\"url\":\"https:\/\/www.escarre.com\/es\/\",\"name\":\"Escarre\",\"description\":\"\",\"publisher\":{\"@id\":\"https:\/\/www.escarre.com\/es\/#organization\"},\"potentialAction\":[{\"@type\":\"SearchAction\",\"target\":{\"@type\":\"EntryPoint\",\"urlTemplate\":\"https:\/\/www.escarre.com\/es\/?s={search_term_string}\"},\"query-input\":{\"@type\":\"PropertyValueSpecification\",\"valueRequired\":true,\"valueName\":\"search_term_string\"}}],\"inLanguage\":\"es\"},{\"@type\":\"Organization\",\"@id\":\"https:\/\/www.escarre.com\/es\/#organization\",\"name\":\"Escarre\",\"url\":\"https:\/\/www.escarre.com\/es\/\",\"logo\":{\"@type\":\"ImageObject\",\"inLanguage\":\"es\",\"@id\":\"https:\/\/www.escarre.com\/es\/#\/schema\/logo\/image\/\",\"url\":\"https:\/\/www.escarre.com\/wp-content\/uploads\/logo-eas-1.png\",\"contentUrl\":\"https:\/\/www.escarre.com\/wp-content\/uploads\/logo-eas-1.png\",\"width\":700,\"height\":125,\"caption\":\"Escarre\"},\"image\":{\"@id\":\"https:\/\/www.escarre.com\/es\/#\/schema\/logo\/image\/\"}},{\"@type\":\"Person\",\"@id\":\"https:\/\/www.escarre.com\/es\/#\/schema\/person\/4fe75c470246e1a24601cd3d3cf112da\",\"name\":\"Escarre\",\"url\":\"https:\/\/www.escarre.com\/es\/noticias\/author\/escarre\/\"}]}<\/script>\n<!-- \/ Yoast SEO plugin. -->","yoast_head_json":{"title":"Febratex 2024: La cita clave para la industria textil en Brasil y Am\u00e9rica Latina. - Escarre","description":"Descubre Febratex 2024, el evento m\u00e1s importante para la industria textil en Brasil y Am\u00e9rica Latina. Conoce las \u00faltimas innovaciones.","robots":{"index":"index","follow":"follow","max-snippet":"max-snippet:-1","max-image-preview":"max-image-preview:large","max-video-preview":"max-video-preview:-1"},"canonical":"https:\/\/www.escarre.com\/es\/noticia\/febratex-2024\/","og_locale":"es_ES","og_type":"article","og_title":"Febratex 2024: La cita clave para la industria textil en Brasil y Am\u00e9rica Latina. - Escarre","og_description":"Descubre Febratex 2024, el evento m\u00e1s importante para la industria textil en Brasil y Am\u00e9rica Latina. Conoce las \u00faltimas innovaciones.","og_url":"https:\/\/www.escarre.com\/es\/noticia\/febratex-2024\/","og_site_name":"Escarre","article_published_time":"2024-05-31T06:57:36+00:00","article_modified_time":"2024-05-31T07:40:01+00:00","og_image":[{"width":850,"height":850,"url":"https:\/\/www.escarre.com\/wp-content\/uploads\/arquivo_378_05_02_2024_14_46_28.jpg","type":"image\/jpeg"}],"author":"Escarre","twitter_card":"summary_large_image","twitter_misc":{"Escrito por":"Escarre","Tiempo de lectura":"5 minutos"},"schema":{"@context":"https:\/\/schema.org","@graph":[{"@type":"Article","@id":"https:\/\/www.escarre.com\/es\/noticia\/febratex-2024\/#article","isPartOf":{"@id":"https:\/\/www.escarre.com\/es\/noticia\/febratex-2024\/"},"author":{"name":"Escarre","@id":"https:\/\/www.escarre.com\/es\/#\/schema\/person\/4fe75c470246e1a24601cd3d3cf112da"},"headline":"Febratex 2024: La cita clave para la industria textil en Brasil y Am\u00e9rica Latina.","datePublished":"2024-05-31T06:57:36+00:00","dateModified":"2024-05-31T07:40:01+00:00","mainEntityOfPage":{"@id":"https:\/\/www.escarre.com\/es\/noticia\/febratex-2024\/"},"wordCount":907,"publisher":{"@id":"https:\/\/www.escarre.com\/es\/#organization"},"image":{"@id":"https:\/\/www.escarre.com\/es\/noticia\/febratex-2024\/#primaryimage"},"thumbnailUrl":"https:\/\/www.escarre.com\/wp-content\/uploads\/arquivo_378_05_02_2024_14_46_28.jpg","articleSection":["Noticias"],"inLanguage":"es"},{"@type":"WebPage","@id":"https:\/\/www.escarre.com\/es\/noticia\/febratex-2024\/","url":"https:\/\/www.escarre.com\/es\/noticia\/febratex-2024\/","name":"Febratex 2024: La cita clave para la industria textil en Brasil y Am\u00e9rica Latina. - Escarre","isPartOf":{"@id":"https:\/\/www.escarre.com\/es\/#website"},"primaryImageOfPage":{"@id":"https:\/\/www.escarre.com\/es\/noticia\/febratex-2024\/#primaryimage"},"image":{"@id":"https:\/\/www.escarre.com\/es\/noticia\/febratex-2024\/#primaryimage"},"thumbnailUrl":"https:\/\/www.escarre.com\/wp-content\/uploads\/arquivo_378_05_02_2024_14_46_28.jpg","datePublished":"2024-05-31T06:57:36+00:00","dateModified":"2024-05-31T07:40:01+00:00","description":"Descubre Febratex 2024, el evento m\u00e1s importante para la industria textil en Brasil y Am\u00e9rica Latina. Conoce las \u00faltimas innovaciones.","breadcrumb":{"@id":"https:\/\/www.escarre.com\/es\/noticia\/febratex-2024\/#breadcrumb"},"inLanguage":"es","potentialAction":[{"@type":"ReadAction","target":["https:\/\/www.escarre.com\/es\/noticia\/febratex-2024\/"]}]},{"@type":"ImageObject","inLanguage":"es","@id":"https:\/\/www.escarre.com\/es\/noticia\/febratex-2024\/#primaryimage","url":"https:\/\/www.escarre.com\/wp-content\/uploads\/arquivo_378_05_02_2024_14_46_28.jpg","contentUrl":"https:\/\/www.escarre.com\/wp-content\/uploads\/arquivo_378_05_02_2024_14_46_28.jpg","width":850,"height":850},{"@type":"BreadcrumbList","@id":"https:\/\/www.escarre.com\/es\/noticia\/febratex-2024\/#breadcrumb","itemListElement":[{"@type":"ListItem","position":1,"name":"Portada","item":"https:\/\/www.escarre.com\/es\/"},{"@type":"ListItem","position":2,"name":"Febratex 2024: La cita clave para la industria textil en Brasil y Am\u00e9rica Latina."}]},{"@type":"WebSite","@id":"https:\/\/www.escarre.com\/es\/#website","url":"https:\/\/www.escarre.com\/es\/","name":"Escarre","description":"","publisher":{"@id":"https:\/\/www.escarre.com\/es\/#organization"},"potentialAction":[{"@type":"SearchAction","target":{"@type":"EntryPoint","urlTemplate":"https:\/\/www.escarre.com\/es\/?s={search_term_string}"},"query-input":{"@type":"PropertyValueSpecification","valueRequired":true,"valueName":"search_term_string"}}],"inLanguage":"es"},{"@type":"Organization","@id":"https:\/\/www.escarre.com\/es\/#organization","name":"Escarre","url":"https:\/\/www.escarre.com\/es\/","logo":{"@type":"ImageObject","inLanguage":"es","@id":"https:\/\/www.escarre.com\/es\/#\/schema\/logo\/image\/","url":"https:\/\/www.escarre.com\/wp-content\/uploads\/logo-eas-1.png","contentUrl":"https:\/\/www.escarre.com\/wp-content\/uploads\/logo-eas-1.png","width":700,"height":125,"caption":"Escarre"},"image":{"@id":"https:\/\/www.escarre.com\/es\/#\/schema\/logo\/image\/"}},{"@type":"Person","@id":"https:\/\/www.escarre.com\/es\/#\/schema\/person\/4fe75c470246e1a24601cd3d3cf112da","name":"Escarre","url":"https:\/\/www.escarre.com\/es\/noticias\/author\/escarre\/"}]}},"_links":{"self":[{"href":"https:\/\/www.escarre.com\/es\/wp-json\/wp\/v2\/posts\/7178","targetHints":{"allow":["GET"]}}],"collection":[{"href":"https:\/\/www.escarre.com\/es\/wp-json\/wp\/v2\/posts"}],"about":[{"href":"https:\/\/www.escarre.com\/es\/wp-json\/wp\/v2\/types\/post"}],"author":[{"embeddable":true,"href":"https:\/\/www.escarre.com\/es\/wp-json\/wp\/v2\/users\/3"}],"replies":[{"embeddable":true,"href":"https:\/\/www.escarre.com\/es\/wp-json\/wp\/v2\/comments?post=7178"}],"version-history":[{"count":2,"href":"https:\/\/www.escarre.com\/es\/wp-json\/wp\/v2\/posts\/7178\/revisions"}],"predecessor-version":[{"id":7182,"href":"https:\/\/www.escarre.com\/es\/wp-json\/wp\/v2\/posts\/7178\/revisions\/7182"}],"wp:featuredmedia":[{"embeddable":true,"href":"https:\/\/www.escarre.com\/es\/wp-json\/wp\/v2\/media\/7193"}],"wp:attachment":[{"href":"https:\/\/www.escarre.com\/es\/wp-json\/wp\/v2\/media?parent=7178"}],"wp:term":[{"taxonomy":"category","embeddable":true,"href":"https:\/\/www.escarre.com\/es\/wp-json\/wp\/v2\/categories?post=7178"},{"taxonomy":"post_tag","embeddable":true,"href":"https:\/\/www.escarre.com\/es\/wp-json\/wp\/v2\/tags?post=7178"}],"curies":[{"name":"wp","href":"https:\/\/api.w.org\/{rel}","templated":true}]}}