{"id":2742,"date":"2022-06-10T00:00:00","date_gmt":"2022-06-10T00:00:00","guid":{"rendered":"https:\/\/www.escarre.com\/uma-maratona-rumo-a-sustentabilidade-que-nos-deve-conscientizar\/"},"modified":"2023-06-20T09:54:59","modified_gmt":"2023-06-20T09:54:59","slug":"uma-maratona-rumo-a-sustentabilidade-que-nos-deve-conscientizar","status":"publish","type":"post","link":"https:\/\/www.escarre.com\/pt-pt\/noticia\/uma-maratona-rumo-a-sustentabilidade-que-nos-deve-conscientizar\/","title":{"rendered":"Uma maratona rumo a sustentabilidade que nos deve conscientizar"},"content":{"rendered":"<p>No in\u00edcio de junho, uma das principais gigantes da moda t\u00eaxtil online de baixo custo do mundo iniciou uma \u00e1rdua campanha de marketing ao abrir uma pequena tenda da loja no centro de Madrid. As promo\u00e7\u00f5es do TikTok pegaram fogo; ofertas para o p\u00fablico e um tema \u00f3timo para criadores de conte\u00fado e influenciadores.<\/p>\n<p>O resultado foi como esperado. Filas gigantescas desde o in\u00edcio da manh\u00e3 para entrar no estabelecimento e poder obter roupas bonitas e acess\u00edveis. De acordo com o artigo do El Pa\u00eds, a rapidez dos novos produtos semanais, aliada ao pre\u00e7o \u201clow cost\u201d, fazem desta a combina\u00e7\u00e3o vencedora. O fen\u00f4meno &#8220;fast fashion&#8221; continua impar\u00e1vel, mas estamos cientes de seu impacto?<\/p>\n<p class=\"title-2\"><strong>Um fen\u00f4meno com prazo de validade para o planeta<\/strong><\/p>\n<p>Esse consumo desenfreado de roupas novas toda semana estimula pr\u00e1ticas de produ\u00e7\u00e3o que n\u00e3o s\u00e3o sustent\u00e1veis para o planeta, e n\u00f3s queremos conserva-lo. Via de regra, s\u00e3o roupas feitas de materiais de baixa qualidade com uma vida \u00fatil muito curta. A velocidade de fabrica\u00e7\u00e3o \u00e9 vertiginosa para atender a demanda, resultando em processos de fabrica\u00e7\u00e3o que n\u00e3o podem empregar pr\u00e1ticas sustent\u00e1veis<\/p>\n<p class=\"text-align-center\"><img loading=\"lazy\" decoding=\"async\" src=\"https:\/\/www.escarre.com\/wp-content\/uploads\/6dc47eed-7396-4799-8988-ffc8381016ef_alta-libre-aspect-ratio_default_0_1.jpg\" alt=\"Mulher encontra etiqueta pedindo ajuda\" width=\"270\" height=\"182\" data-entity-type=\"file\" data-entity-uuid=\"7ad6d258-2ae0-4c00-87b0-a7c8dd2611ec\" \/><\/p>\n<p>Esse fen\u00f4meno tamb\u00e9m est\u00e1 ligado \u00e0s condi\u00e7\u00f5es anti\u00e9ticas de trabalho que ocorrem em pa\u00edses subdesenvolvidos ou que possuem legisla\u00e7\u00e3o trabalhista branda, chegando a trabalhar 12 horas por dia e 6 dias por semana para atender a demanda.<\/p>\n<p>Em 2014, vimos uma not\u00edcia que viralizou sobre um consumidor que encontrou uma mensagem de ajuda em um r\u00f3tulo denunciando a explora\u00e7\u00e3o do trabalho. Ou eventos mais recentes, como a morte de 25 trabalhadores de uma f\u00e1brica t\u00eaxtil clandestina chamada Tanger, onde trabalhavam em condi\u00e7\u00f5es prec\u00e1rias e desumanas.<\/p>\n<p class=\"title-2\"><strong>Design e moda n\u00e3o est\u00e3o em desacordo com a sustentabilidade<\/strong><\/p>\n<p>A &#8220;slow fashion&#8221; evita esta pr\u00e1tica de forma dr\u00e1stica, optando pela produ\u00e7\u00e3o local em empresas que cuidam do bem-estar dos trabalhadores, criando empregos de qualidade e riqueza na regi\u00e3o. Um modelo que tamb\u00e9m reduz a velocidade de produ\u00e7\u00e3o, utilizando materiais de qualidade e pr\u00e1ticas sustent\u00e1veis.<\/p>\n<p class=\"text-align-center\"><img loading=\"lazy\" decoding=\"async\" src=\"https:\/\/www.escarre.com\/wp-content\/uploads\/Foto-2-600x_1.jpg\" alt=\"Kate Fletchet sustaiable fashion and textiles book\" width=\"474\" height=\"354\" data-entity-type=\"file\" data-entity-uuid=\"e9ab94f8-a856-4e03-b0ec-0940bc36d968\" \/><\/p>\n<h4><\/h4>\n<h4 class=\"text-align-center\">&#8220;\u00c9 hora de diminuir a velocidade e considerar o verdadeiro custo da escolha da quantidade em vez da qualidade&#8221; &#8211; Kate Fletcher<\/h4>\n<p>Este termo foi criado em 2007 por Kate Fletcher, professora de design, moda e sustentabilidade no Centre for sustainable fashion em Londres e Mathilda Tham, professora da Universidade de Linnaeus na Su\u00e9cia. Ambos escreveram o livro L\u00f3gica da Terra; um manual de boas pr\u00e1ticas ambientais e sociais a ser desenvolvido dentro da ind\u00fastria t\u00eaxtil e da moda. Slow fashion&#8221; visa produzir tecidos sustent\u00e1veis e dur\u00e1veis que prolonguem a vida \u00fatil do vestu\u00e1rio, promovendo a economia circular e a reciclagem dos t\u00eaxteis. Esta filosofia visa reduzir a pegada de carbono, gerando uma quantidade menor de res\u00edduos, tentando alcan\u00e7ar &#8220;Zero res\u00edduos&#8221;.<\/p>\n<p class=\"text-align-center\"><img loading=\"lazy\" decoding=\"async\" src=\"https:\/\/www.escarre.com\/wp-content\/uploads\/logo-agenda-2030_1.jpg\" alt=\"Logo Agenda 2030 \" width=\"335\" height=\"242\" data-entity-type=\"file\" data-entity-uuid=\"691c7aa4-405b-41c3-a0c9-1afc909d1f59\" \/><\/p>\n<p>Sabendo que a mudan\u00e7a clim\u00e1tica \u00e9 um fen\u00f4meno presente, todos os setores econ\u00f4micos est\u00e3o se precipitando para adotar as medidas de desenvolvimento sustent\u00e1vel estabelecidas na Agenda 2030. A ind\u00fastria da moda e do cal\u00e7ado, de acordo com dados da ONU, produz anualmente mais de 8% dos gases de efeito estufa globais e 20% das \u00e1guas residuais.<\/p>\n<p>O contexto econ\u00f4mico atual \u00e9 outro fator. O aumento dos pre\u00e7os das mat\u00e9rias-primas, insumos e infla\u00e7\u00e3o contribuem para o fato de que as empresas t\u00eaxteis est\u00e3o se unindo \u00e0 tecnologia para buscar maneiras de otimizar a produ\u00e7\u00e3o e implementar planos de melhoria em sua produ\u00e7\u00e3o, com o objetivo de fabricar tecidos sustent\u00e1veis e rent\u00e1veis. Uma transi\u00e7\u00e3o que alcan\u00e7a resultados de alto impacto ao estabelecer medidas de m\u00e9dio e curto prazo.<\/p>\n<p class=\"title-2\"><strong>Grandes marcas de roupas e cal\u00e7ados tomam conhecimento e mudam de posi\u00e7\u00e3o<\/strong><\/p>\n<p>Nomes renomados da moda, cujo modelo de vendas \u00e9 um h\u00edbrido de lojas f\u00edsicas e on-line, j\u00e1 implantaram planos de sustentabilidade ambiental na fabrica\u00e7\u00e3o de roupas e cal\u00e7ados. Eles elaboraram diretrizes de pr\u00e1ticas sustent\u00e1veis que exigem que seus fornecedores cumpram, alcan\u00e7ando em grande parte a rastreabilidade total da produ\u00e7\u00e3o do vestu\u00e1rio, desde a produ\u00e7\u00e3o at\u00e9 sua chegada ao consumidor.<\/p>\n<p class=\"text-align-center\"><img loading=\"lazy\" decoding=\"async\" src=\"https:\/\/www.escarre.com\/wp-content\/uploads\/young-handsome-man-choosing-shoes-at-shop-1.jpg\" alt=\"Compra de ropa sostenible\" width=\"641\" height=\"427\" data-entity-type=\"file\" data-entity-uuid=\"0a2e1a82-3cf9-4b02-9283-a3deee8c0009\" \/><\/p>\n<p>Em termos gerais, eles est\u00e3o comprometidos com o desenvolvimento de tecidos sustent\u00e1veis a partir de materiais reciclados e prestam muita aten\u00e7\u00e3o ao monitoramento dos processos de produ\u00e7\u00e3o que incentivam o consumo respons\u00e1vel de insumos.O tecido confeccionado sob par\u00e2metros sustent\u00e1veis \u00e9 facilmente identific\u00e1vel pelo consumidor. Por meio de etiquetas distintas como Join Life, utilizada pelo grupo Inditex, ou Commited, utilizada pela Mango, \u00e9 garantido que o processo de fabrica\u00e7\u00e3o do vestu\u00e1rio foi realizado em uma alta porcentagem mediante pr\u00e1ticas sustent\u00e1veis.<\/p>\n<p>O desafio tamb\u00e9m \u00e9 promover a conscientiza\u00e7\u00e3o do p\u00fablico. De acordo com a Greenpeace, conservar roupas por alguns anos reduz as emiss\u00f5es de CO2 em 24%. Isto faz da &#8220;slow fashion&#8221; uma corrida de longa dist\u00e2ncia entre a ind\u00fastria e os consumidores.<\/p>\n<p class=\"title-2\"><strong>A tecnologia \u00e9 a grande aliada no desenvolvimento sustent\u00e1vel<\/strong><\/p>\n<p>Quando n\u00f3s, como consumidores, vemos roupas na loja dizendo: &#8220;r\u00f3tulo ecol\u00f3gico&#8221;, temos a tend\u00eancia de pensar que se trata de marketing; mas na realidade, por tr\u00e1s desse produto h\u00e1 uma s\u00e9rie de desenvolvimentos tecnol\u00f3gicos que o tornam poss\u00edvel.<\/p>\n<p class=\"text-align-center\"><img loading=\"lazy\" decoding=\"async\" src=\"https:\/\/www.escarre.com\/wp-content\/uploads\/global-environmental-sustainability-background-green-technology-1.jpg\" alt=\"Tecnolog\u00eda para hacer el cambio\" width=\"446\" height=\"251\" data-entity-type=\"file\" data-entity-uuid=\"87c1734f-5eaf-4a30-bd2d-3dea0e318b06\" \/><\/p>\n<p>As empresas de tecnologia que trabalham exclusivamente para o setor t\u00eaxtil desenvolvem todo tipo de ferramentas para permitir que as empresas t\u00eaxteis invistam na produ\u00e7\u00e3o, sendo capazes de medir e certificar cada passo da cadeia produtiva.<\/p>\n<p class=\"text-align-center\"><img loading=\"lazy\" decoding=\"async\" src=\"https:\/\/www.escarre.com\/wp-content\/uploads\/PCT310_2_Lado_Consumos_Pantalla_Bona-1.png\" alt=\"PCT-310 con pantalla de consumos\" width=\"389\" height=\"311\" data-entity-type=\"file\" data-entity-uuid=\"06209c33-5ea7-45f4-a455-5466e4b0cac8\" \/><img loading=\"lazy\" decoding=\"async\" src=\"https:\/\/www.escarre.com\/wp-content\/uploads\/Pantalla-MockUp-Gestion-Formulas-1.jpg\" alt=\"Pantalla de f\u00f3rmulas InfoTint\" width=\"348\" height=\"231\" data-entity-type=\"file\" data-entity-uuid=\"5b94cbf0-6d2b-4ae4-af3d-feb1f5c2b396\" \/><\/p>\n<p>Um de nossos \u00faltimos desenvolvimentos \u00e9 nosso display de consumo que \u00e9 instalado nos controladores de m\u00e1quinas. Isto permite \u00e0s plantas t\u00eaxteis monitorar em tempo real a quantidade de \u00e1gua, energia ou vapor que consomem, contribuindo para uma avalia\u00e7\u00e3o cont\u00ednua dos processos. O objetivo de saber como gerenciar este tipo de dados \u00e9 implementar melhorias a fim de utilizar os insumos m\u00ednimos indispens\u00e1veis, sem reduzir a qualidade do tecido final. Outro aspecto fundamental \u00e9 ter um software competitivo que gerencia as informa\u00e7\u00f5es em tempo real. Centralizando todos os dados obtidos da produ\u00e7\u00e3o, seremos capazes de planejar a produ\u00e7\u00e3o de forma mais eficiente. Este software tamb\u00e9m nos ajudar\u00e1 a gerar relat\u00f3rios e estat\u00edsticas que nos ajudar\u00e3o a otimizar o desempenho e a capacidade de produ\u00e7\u00e3o da f\u00e1brica, evitando desperd\u00edcios e reprocessos.<\/p>\n","protected":false},"excerpt":{"rendered":"<p>Slow fashion visa produzir roupas usando processos de fabrica\u00e7\u00e3o sustent\u00e1veis e pr\u00e1ticas de trabalho \u00e9ticas que estejam comprometidas com a ind\u00fastria local. As grandes empresas de moda est\u00e3o assumindo o desafio de fazer esta mudan\u00e7a enquanto concorrentes vorazes do com\u00e9rcio eletr\u00f4nico continuam a apostar no modelo de consumo r\u00e1pido.<\/p>\n","protected":false},"author":1,"featured_media":2753,"comment_status":"open","ping_status":"open","sticky":false,"template":"","format":"standard","meta":{"_acf_changed":false,"footnotes":""},"categories":[93],"tags":[],"class_list":["post-2742","post","type-post","status-publish","format-standard","has-post-thumbnail","hentry","category-noticias-pt-pt"],"acf":[],"yoast_head":"<!-- This site is optimized with the Yoast SEO plugin v26.7 - https:\/\/yoast.com\/wordpress\/plugins\/seo\/ -->\n<title>Uma maratona rumo a sustentabilidade que nos deve conscientizar - Escarre<\/title>\n<meta name=\"description\" content=\"Slow fashion visa produzir roupas usando processos de fabrica\u00e7\u00e3o sustent\u00e1veis e pr\u00e1ticas de trabalho \u00e9ticas que estejam comprometidas com a ind\u00fastria local. As grandes empresas de moda est\u00e3o assumindo o desafio de fazer esta mudan\u00e7a enquanto concorrentes vorazes do com\u00e9rcio eletr\u00f4nico continuam a apostar no modelo de consumo r\u00e1pido.\" \/>\n<meta name=\"robots\" content=\"index, follow, max-snippet:-1, max-image-preview:large, max-video-preview:-1\" \/>\n<link rel=\"canonical\" href=\"https:\/\/www.escarre.com\/pt-pt\/noticia\/uma-maratona-rumo-a-sustentabilidade-que-nos-deve-conscientizar\/\" \/>\n<meta property=\"og:locale\" content=\"pt_PT\" \/>\n<meta property=\"og:type\" content=\"article\" \/>\n<meta property=\"og:title\" content=\"Uma maratona rumo a sustentabilidade que nos deve conscientizar - Escarre\" \/>\n<meta property=\"og:description\" content=\"Slow fashion visa produzir roupas usando processos de fabrica\u00e7\u00e3o sustent\u00e1veis e pr\u00e1ticas de trabalho \u00e9ticas que estejam comprometidas com a ind\u00fastria local. As grandes empresas de moda est\u00e3o assumindo o desafio de fazer esta mudan\u00e7a enquanto concorrentes vorazes do com\u00e9rcio eletr\u00f4nico continuam a apostar no modelo de consumo r\u00e1pido.\" \/>\n<meta property=\"og:url\" content=\"https:\/\/www.escarre.com\/pt-pt\/noticia\/uma-maratona-rumo-a-sustentabilidade-que-nos-deve-conscientizar\/\" \/>\n<meta property=\"og:site_name\" content=\"Escarre\" \/>\n<meta property=\"article:published_time\" content=\"2022-06-10T00:00:00+00:00\" \/>\n<meta property=\"article:modified_time\" content=\"2023-06-20T09:54:59+00:00\" \/>\n<meta property=\"og:image\" content=\"https:\/\/www.escarre.com\/wp-content\/uploads\/4896468_2.jpg\" \/>\n\t<meta property=\"og:image:width\" content=\"2560\" \/>\n\t<meta property=\"og:image:height\" content=\"1707\" \/>\n\t<meta property=\"og:image:type\" content=\"image\/jpeg\" \/>\n<meta name=\"author\" content=\"emfasi\" \/>\n<meta name=\"twitter:card\" content=\"summary_large_image\" \/>\n<meta name=\"twitter:label1\" content=\"Escrito por\" \/>\n\t<meta name=\"twitter:data1\" content=\"emfasi\" \/>\n\t<meta name=\"twitter:label2\" content=\"Tempo estimado de leitura\" \/>\n\t<meta name=\"twitter:data2\" content=\"6 minutos\" \/>\n<script type=\"application\/ld+json\" class=\"yoast-schema-graph\">{\"@context\":\"https:\/\/schema.org\",\"@graph\":[{\"@type\":\"Article\",\"@id\":\"https:\/\/www.escarre.com\/pt-pt\/noticia\/uma-maratona-rumo-a-sustentabilidade-que-nos-deve-conscientizar\/#article\",\"isPartOf\":{\"@id\":\"https:\/\/www.escarre.com\/pt-pt\/noticia\/uma-maratona-rumo-a-sustentabilidade-que-nos-deve-conscientizar\/\"},\"author\":{\"name\":\"emfasi\",\"@id\":\"https:\/\/www.escarre.com\/pt-pt\/#\/schema\/person\/a5731615a80c3428785daf6feea6dfd1\"},\"headline\":\"Uma maratona rumo a sustentabilidade que nos deve conscientizar\",\"datePublished\":\"2022-06-10T00:00:00+00:00\",\"dateModified\":\"2023-06-20T09:54:59+00:00\",\"mainEntityOfPage\":{\"@id\":\"https:\/\/www.escarre.com\/pt-pt\/noticia\/uma-maratona-rumo-a-sustentabilidade-que-nos-deve-conscientizar\/\"},\"wordCount\":1101,\"commentCount\":0,\"publisher\":{\"@id\":\"https:\/\/www.escarre.com\/pt-pt\/#organization\"},\"image\":{\"@id\":\"https:\/\/www.escarre.com\/pt-pt\/noticia\/uma-maratona-rumo-a-sustentabilidade-que-nos-deve-conscientizar\/#primaryimage\"},\"thumbnailUrl\":\"https:\/\/www.escarre.com\/wp-content\/uploads\/4896468_2.jpg\",\"articleSection\":[\"Not\u00edcias\"],\"inLanguage\":\"pt-PT\",\"potentialAction\":[{\"@type\":\"CommentAction\",\"name\":\"Comment\",\"target\":[\"https:\/\/www.escarre.com\/pt-pt\/noticia\/uma-maratona-rumo-a-sustentabilidade-que-nos-deve-conscientizar\/#respond\"]}]},{\"@type\":\"WebPage\",\"@id\":\"https:\/\/www.escarre.com\/pt-pt\/noticia\/uma-maratona-rumo-a-sustentabilidade-que-nos-deve-conscientizar\/\",\"url\":\"https:\/\/www.escarre.com\/pt-pt\/noticia\/uma-maratona-rumo-a-sustentabilidade-que-nos-deve-conscientizar\/\",\"name\":\"Uma maratona rumo a sustentabilidade que nos deve conscientizar - Escarre\",\"isPartOf\":{\"@id\":\"https:\/\/www.escarre.com\/pt-pt\/#website\"},\"primaryImageOfPage\":{\"@id\":\"https:\/\/www.escarre.com\/pt-pt\/noticia\/uma-maratona-rumo-a-sustentabilidade-que-nos-deve-conscientizar\/#primaryimage\"},\"image\":{\"@id\":\"https:\/\/www.escarre.com\/pt-pt\/noticia\/uma-maratona-rumo-a-sustentabilidade-que-nos-deve-conscientizar\/#primaryimage\"},\"thumbnailUrl\":\"https:\/\/www.escarre.com\/wp-content\/uploads\/4896468_2.jpg\",\"datePublished\":\"2022-06-10T00:00:00+00:00\",\"dateModified\":\"2023-06-20T09:54:59+00:00\",\"description\":\"Slow fashion visa produzir roupas usando processos de fabrica\u00e7\u00e3o sustent\u00e1veis e pr\u00e1ticas de trabalho \u00e9ticas que estejam comprometidas com a ind\u00fastria local. As grandes empresas de moda est\u00e3o assumindo o desafio de fazer esta mudan\u00e7a enquanto concorrentes vorazes do com\u00e9rcio eletr\u00f4nico continuam a apostar no modelo de consumo r\u00e1pido.\",\"breadcrumb\":{\"@id\":\"https:\/\/www.escarre.com\/pt-pt\/noticia\/uma-maratona-rumo-a-sustentabilidade-que-nos-deve-conscientizar\/#breadcrumb\"},\"inLanguage\":\"pt-PT\",\"potentialAction\":[{\"@type\":\"ReadAction\",\"target\":[\"https:\/\/www.escarre.com\/pt-pt\/noticia\/uma-maratona-rumo-a-sustentabilidade-que-nos-deve-conscientizar\/\"]}]},{\"@type\":\"ImageObject\",\"inLanguage\":\"pt-PT\",\"@id\":\"https:\/\/www.escarre.com\/pt-pt\/noticia\/uma-maratona-rumo-a-sustentabilidade-que-nos-deve-conscientizar\/#primaryimage\",\"url\":\"https:\/\/www.escarre.com\/wp-content\/uploads\/4896468_2.jpg\",\"contentUrl\":\"https:\/\/www.escarre.com\/wp-content\/uploads\/4896468_2.jpg\",\"width\":2560,\"height\":1707},{\"@type\":\"BreadcrumbList\",\"@id\":\"https:\/\/www.escarre.com\/pt-pt\/noticia\/uma-maratona-rumo-a-sustentabilidade-que-nos-deve-conscientizar\/#breadcrumb\",\"itemListElement\":[{\"@type\":\"ListItem\",\"position\":1,\"name\":\"Portada\",\"item\":\"https:\/\/www.escarre.com\/pt-pt\/\"},{\"@type\":\"ListItem\",\"position\":2,\"name\":\"Uma maratona rumo a sustentabilidade que nos deve conscientizar\"}]},{\"@type\":\"WebSite\",\"@id\":\"https:\/\/www.escarre.com\/pt-pt\/#website\",\"url\":\"https:\/\/www.escarre.com\/pt-pt\/\",\"name\":\"Escarre\",\"description\":\"\",\"publisher\":{\"@id\":\"https:\/\/www.escarre.com\/pt-pt\/#organization\"},\"potentialAction\":[{\"@type\":\"SearchAction\",\"target\":{\"@type\":\"EntryPoint\",\"urlTemplate\":\"https:\/\/www.escarre.com\/pt-pt\/?s={search_term_string}\"},\"query-input\":{\"@type\":\"PropertyValueSpecification\",\"valueRequired\":true,\"valueName\":\"search_term_string\"}}],\"inLanguage\":\"pt-PT\"},{\"@type\":\"Organization\",\"@id\":\"https:\/\/www.escarre.com\/pt-pt\/#organization\",\"name\":\"Escarre\",\"url\":\"https:\/\/www.escarre.com\/pt-pt\/\",\"logo\":{\"@type\":\"ImageObject\",\"inLanguage\":\"pt-PT\",\"@id\":\"https:\/\/www.escarre.com\/pt-pt\/#\/schema\/logo\/image\/\",\"url\":\"https:\/\/www.escarre.com\/wp-content\/uploads\/logo-eas-1.png\",\"contentUrl\":\"https:\/\/www.escarre.com\/wp-content\/uploads\/logo-eas-1.png\",\"width\":700,\"height\":125,\"caption\":\"Escarre\"},\"image\":{\"@id\":\"https:\/\/www.escarre.com\/pt-pt\/#\/schema\/logo\/image\/\"}},{\"@type\":\"Person\",\"@id\":\"https:\/\/www.escarre.com\/pt-pt\/#\/schema\/person\/a5731615a80c3428785daf6feea6dfd1\",\"name\":\"emfasi\",\"sameAs\":[\"https:\/\/www.escarre.com\"],\"url\":\"https:\/\/www.escarre.com\/pt-pt\/noticias\/author\/emfasi\/\"}]}<\/script>\n<!-- \/ Yoast SEO plugin. -->","yoast_head_json":{"title":"Uma maratona rumo a sustentabilidade que nos deve conscientizar - Escarre","description":"Slow fashion visa produzir roupas usando processos de fabrica\u00e7\u00e3o sustent\u00e1veis e pr\u00e1ticas de trabalho \u00e9ticas que estejam comprometidas com a ind\u00fastria local. As grandes empresas de moda est\u00e3o assumindo o desafio de fazer esta mudan\u00e7a enquanto concorrentes vorazes do com\u00e9rcio eletr\u00f4nico continuam a apostar no modelo de consumo r\u00e1pido.","robots":{"index":"index","follow":"follow","max-snippet":"max-snippet:-1","max-image-preview":"max-image-preview:large","max-video-preview":"max-video-preview:-1"},"canonical":"https:\/\/www.escarre.com\/pt-pt\/noticia\/uma-maratona-rumo-a-sustentabilidade-que-nos-deve-conscientizar\/","og_locale":"pt_PT","og_type":"article","og_title":"Uma maratona rumo a sustentabilidade que nos deve conscientizar - Escarre","og_description":"Slow fashion visa produzir roupas usando processos de fabrica\u00e7\u00e3o sustent\u00e1veis e pr\u00e1ticas de trabalho \u00e9ticas que estejam comprometidas com a ind\u00fastria local. As grandes empresas de moda est\u00e3o assumindo o desafio de fazer esta mudan\u00e7a enquanto concorrentes vorazes do com\u00e9rcio eletr\u00f4nico continuam a apostar no modelo de consumo r\u00e1pido.","og_url":"https:\/\/www.escarre.com\/pt-pt\/noticia\/uma-maratona-rumo-a-sustentabilidade-que-nos-deve-conscientizar\/","og_site_name":"Escarre","article_published_time":"2022-06-10T00:00:00+00:00","article_modified_time":"2023-06-20T09:54:59+00:00","og_image":[{"width":2560,"height":1707,"url":"https:\/\/www.escarre.com\/wp-content\/uploads\/4896468_2.jpg","type":"image\/jpeg"}],"author":"emfasi","twitter_card":"summary_large_image","twitter_misc":{"Escrito por":"emfasi","Tempo estimado de leitura":"6 minutos"},"schema":{"@context":"https:\/\/schema.org","@graph":[{"@type":"Article","@id":"https:\/\/www.escarre.com\/pt-pt\/noticia\/uma-maratona-rumo-a-sustentabilidade-que-nos-deve-conscientizar\/#article","isPartOf":{"@id":"https:\/\/www.escarre.com\/pt-pt\/noticia\/uma-maratona-rumo-a-sustentabilidade-que-nos-deve-conscientizar\/"},"author":{"name":"emfasi","@id":"https:\/\/www.escarre.com\/pt-pt\/#\/schema\/person\/a5731615a80c3428785daf6feea6dfd1"},"headline":"Uma maratona rumo a sustentabilidade que nos deve conscientizar","datePublished":"2022-06-10T00:00:00+00:00","dateModified":"2023-06-20T09:54:59+00:00","mainEntityOfPage":{"@id":"https:\/\/www.escarre.com\/pt-pt\/noticia\/uma-maratona-rumo-a-sustentabilidade-que-nos-deve-conscientizar\/"},"wordCount":1101,"commentCount":0,"publisher":{"@id":"https:\/\/www.escarre.com\/pt-pt\/#organization"},"image":{"@id":"https:\/\/www.escarre.com\/pt-pt\/noticia\/uma-maratona-rumo-a-sustentabilidade-que-nos-deve-conscientizar\/#primaryimage"},"thumbnailUrl":"https:\/\/www.escarre.com\/wp-content\/uploads\/4896468_2.jpg","articleSection":["Not\u00edcias"],"inLanguage":"pt-PT","potentialAction":[{"@type":"CommentAction","name":"Comment","target":["https:\/\/www.escarre.com\/pt-pt\/noticia\/uma-maratona-rumo-a-sustentabilidade-que-nos-deve-conscientizar\/#respond"]}]},{"@type":"WebPage","@id":"https:\/\/www.escarre.com\/pt-pt\/noticia\/uma-maratona-rumo-a-sustentabilidade-que-nos-deve-conscientizar\/","url":"https:\/\/www.escarre.com\/pt-pt\/noticia\/uma-maratona-rumo-a-sustentabilidade-que-nos-deve-conscientizar\/","name":"Uma maratona rumo a sustentabilidade que nos deve conscientizar - Escarre","isPartOf":{"@id":"https:\/\/www.escarre.com\/pt-pt\/#website"},"primaryImageOfPage":{"@id":"https:\/\/www.escarre.com\/pt-pt\/noticia\/uma-maratona-rumo-a-sustentabilidade-que-nos-deve-conscientizar\/#primaryimage"},"image":{"@id":"https:\/\/www.escarre.com\/pt-pt\/noticia\/uma-maratona-rumo-a-sustentabilidade-que-nos-deve-conscientizar\/#primaryimage"},"thumbnailUrl":"https:\/\/www.escarre.com\/wp-content\/uploads\/4896468_2.jpg","datePublished":"2022-06-10T00:00:00+00:00","dateModified":"2023-06-20T09:54:59+00:00","description":"Slow fashion visa produzir roupas usando processos de fabrica\u00e7\u00e3o sustent\u00e1veis e pr\u00e1ticas de trabalho \u00e9ticas que estejam comprometidas com a ind\u00fastria local. As grandes empresas de moda est\u00e3o assumindo o desafio de fazer esta mudan\u00e7a enquanto concorrentes vorazes do com\u00e9rcio eletr\u00f4nico continuam a apostar no modelo de consumo r\u00e1pido.","breadcrumb":{"@id":"https:\/\/www.escarre.com\/pt-pt\/noticia\/uma-maratona-rumo-a-sustentabilidade-que-nos-deve-conscientizar\/#breadcrumb"},"inLanguage":"pt-PT","potentialAction":[{"@type":"ReadAction","target":["https:\/\/www.escarre.com\/pt-pt\/noticia\/uma-maratona-rumo-a-sustentabilidade-que-nos-deve-conscientizar\/"]}]},{"@type":"ImageObject","inLanguage":"pt-PT","@id":"https:\/\/www.escarre.com\/pt-pt\/noticia\/uma-maratona-rumo-a-sustentabilidade-que-nos-deve-conscientizar\/#primaryimage","url":"https:\/\/www.escarre.com\/wp-content\/uploads\/4896468_2.jpg","contentUrl":"https:\/\/www.escarre.com\/wp-content\/uploads\/4896468_2.jpg","width":2560,"height":1707},{"@type":"BreadcrumbList","@id":"https:\/\/www.escarre.com\/pt-pt\/noticia\/uma-maratona-rumo-a-sustentabilidade-que-nos-deve-conscientizar\/#breadcrumb","itemListElement":[{"@type":"ListItem","position":1,"name":"Portada","item":"https:\/\/www.escarre.com\/pt-pt\/"},{"@type":"ListItem","position":2,"name":"Uma maratona rumo a sustentabilidade que nos deve conscientizar"}]},{"@type":"WebSite","@id":"https:\/\/www.escarre.com\/pt-pt\/#website","url":"https:\/\/www.escarre.com\/pt-pt\/","name":"Escarre","description":"","publisher":{"@id":"https:\/\/www.escarre.com\/pt-pt\/#organization"},"potentialAction":[{"@type":"SearchAction","target":{"@type":"EntryPoint","urlTemplate":"https:\/\/www.escarre.com\/pt-pt\/?s={search_term_string}"},"query-input":{"@type":"PropertyValueSpecification","valueRequired":true,"valueName":"search_term_string"}}],"inLanguage":"pt-PT"},{"@type":"Organization","@id":"https:\/\/www.escarre.com\/pt-pt\/#organization","name":"Escarre","url":"https:\/\/www.escarre.com\/pt-pt\/","logo":{"@type":"ImageObject","inLanguage":"pt-PT","@id":"https:\/\/www.escarre.com\/pt-pt\/#\/schema\/logo\/image\/","url":"https:\/\/www.escarre.com\/wp-content\/uploads\/logo-eas-1.png","contentUrl":"https:\/\/www.escarre.com\/wp-content\/uploads\/logo-eas-1.png","width":700,"height":125,"caption":"Escarre"},"image":{"@id":"https:\/\/www.escarre.com\/pt-pt\/#\/schema\/logo\/image\/"}},{"@type":"Person","@id":"https:\/\/www.escarre.com\/pt-pt\/#\/schema\/person\/a5731615a80c3428785daf6feea6dfd1","name":"emfasi","sameAs":["https:\/\/www.escarre.com"],"url":"https:\/\/www.escarre.com\/pt-pt\/noticias\/author\/emfasi\/"}]}},"_links":{"self":[{"href":"https:\/\/www.escarre.com\/pt-pt\/wp-json\/wp\/v2\/posts\/2742","targetHints":{"allow":["GET"]}}],"collection":[{"href":"https:\/\/www.escarre.com\/pt-pt\/wp-json\/wp\/v2\/posts"}],"about":[{"href":"https:\/\/www.escarre.com\/pt-pt\/wp-json\/wp\/v2\/types\/post"}],"author":[{"embeddable":true,"href":"https:\/\/www.escarre.com\/pt-pt\/wp-json\/wp\/v2\/users\/1"}],"replies":[{"embeddable":true,"href":"https:\/\/www.escarre.com\/pt-pt\/wp-json\/wp\/v2\/comments?post=2742"}],"version-history":[{"count":0,"href":"https:\/\/www.escarre.com\/pt-pt\/wp-json\/wp\/v2\/posts\/2742\/revisions"}],"wp:featuredmedia":[{"embeddable":true,"href":"https:\/\/www.escarre.com\/pt-pt\/wp-json\/wp\/v2\/media\/2753"}],"wp:attachment":[{"href":"https:\/\/www.escarre.com\/pt-pt\/wp-json\/wp\/v2\/media?parent=2742"}],"wp:term":[{"taxonomy":"category","embeddable":true,"href":"https:\/\/www.escarre.com\/pt-pt\/wp-json\/wp\/v2\/categories?post=2742"},{"taxonomy":"post_tag","embeddable":true,"href":"https:\/\/www.escarre.com\/pt-pt\/wp-json\/wp\/v2\/tags?post=2742"}],"curies":[{"name":"wp","href":"https:\/\/api.w.org\/{rel}","templated":true}]}}