{"id":2756,"date":"2022-04-04T00:00:00","date_gmt":"2022-04-04T00:00:00","guid":{"rendered":"https:\/\/www.escarre.com\/prepare-se-para-a-itma-2023-tudo-o-que-voce-precisa-saber\/"},"modified":"2023-06-20T09:56:51","modified_gmt":"2023-06-20T09:56:51","slug":"prepare-se-para-a-itma-2023-tudo-o-que-voce-precisa-saber","status":"publish","type":"post","link":"https:\/\/www.escarre.com\/pt-pt\/noticia\/prepare-se-para-a-itma-2023-tudo-o-que-voce-precisa-saber\/","title":{"rendered":"Prepare-se para a ITMA 2023: tudo o que voc\u00ea precisa saber"},"content":{"rendered":"<p class=\"title-2\"><strong>O que \u00e9 a ITMA?<\/strong><\/p>\n<p>A ITMA ou International Textile Machinery Association \u00e9 a feira mais importante do mundo para m\u00e1quinas t\u00eaxteis, mat\u00e9rias-primas, tecidos e vestu\u00e1rio. \u00c9 realizada a cada quatro anos em uma cidade europeia, e sua primeira edi\u00e7\u00e3o ocorreu em 1951 em Lille, Fran\u00e7a.<\/p>\n<p>\u00c9 a feira para o setor t\u00eaxtil que foi criada pela CEMATEX (Comit\u00ea Europeu de M\u00e1quinas T\u00eaxteis), composta por 9 grandes associa\u00e7\u00f5es empresariais europeias. Sua miss\u00e3o \u00e9 promover e preservar esta feira como um ponto de encontro internacional para clientes, profissionais e industriais t\u00eaxteis, e torn\u00e1-la uma refer\u00eancia mundial.<\/p>\n<p class=\"text-align-center\"><img decoding=\"async\" src=\"https:\/\/www.escarre.com\/wp-content\/uploads\/Asociaciones-Textiles-CEMATEX_1.png\" alt=\"Associa\u00e7\u00f5es que comp\u00f5em a CEMATEX\" data-entity-type=\"file\" data-entity-uuid=\"bbc94de4-fcb8-4652-95d2-1209563e46a9\" \/><\/p>\n<p class=\"title-2\"><strong>A ITMA em n\u00fameros: um encontro altamente lucrativo com a inova\u00e7\u00e3o na ind\u00fastria t\u00eaxtil<\/strong><\/p>\n<p>Cada edi\u00e7\u00e3o da ITMA re\u00fane uma m\u00e9dia de 1.000 expositores de 50 pa\u00edses em todo o mundo. Este n\u00famero vem crescendo ao longo das 18 edi\u00e7\u00f5es j\u00e1 realizadas.<\/p>\n<p>Barcelona, que estreou com a edi\u00e7\u00e3o de 2011 da ITMA, repetida como sede da \u00faltima edi\u00e7\u00e3o em 2019. O evento foi realizado na Fira de l&#8217;Hospitalet, que tem a capacidade de sediar congressos t\u00e3o importantes como o Congresso Mundial M\u00f3vel GSMA anual.<\/p>\n<p class=\"text-align-center\"><img loading=\"lazy\" decoding=\"async\" src=\"https:\/\/www.escarre.com\/wp-content\/uploads\/Stand-EAS-en-la-ITMA-2019_1.jpg\" alt=\"Stand EAS ITMA 2019\" width=\"758\" height=\"506\" data-entity-type=\"file\" data-entity-uuid=\"c6b11911-ac98-472e-8d7d-49ce09261fd5\" \/><\/p>\n<p>De acordo com os organizadores do evento, 1717 expositores de 45 pa\u00edses diferentes participaram do evento, recebendo um p\u00fablico de quase 106.000 visitantes de 136 pa\u00edses. O local abrigava 114.600 m2 de espa\u00e7o l\u00edquido de exposi\u00e7\u00e3o, o equivalente a 15 campos de futebol.<\/p>\n<p>Nos diversos pavilh\u00f5es encontramos stands das empresas l\u00edderes no t\u00eaxtil, que ofereceram as \u00faltimas inova\u00e7\u00f5es em maquin\u00e1rio industrial e vestu\u00e1rio t\u00eaxtil. Sessenta por cento das empresas expositoras vieram da Europa, Alemanha, It\u00e1lia e Espanha foram os pa\u00edses com mais expositores. De acordo com v\u00e1rios meios de comunica\u00e7\u00e3o especializados no setor t\u00eaxtil, a feira gerou um impacto econ\u00f4mico de 343 milh\u00f5es de euros na cidade de Barcelona e arredores.<\/p>\n<p>A ITMA sempre foi uma plataforma para a inova\u00e7\u00e3o, se estabelecendo como um ponto de encontro para as empresas do setor apresentarem seus \u00faltimos desenvolvimentos em m\u00e1quinas, fibras t\u00eaxteis e tecnologia. Um congresso onde se criam rela\u00e7\u00f5es e colabora\u00e7\u00f5es que impulsionam a transforma\u00e7\u00e3o da ind\u00fastria t\u00eaxtil. Muitas dessas rela\u00e7\u00f5es surgem como resultado dos diversos f\u00f3runs, palestras e confer\u00eancias organizadas pelas principais associa\u00e7\u00f5es empresariais que comp\u00f5em a CEMATEX e as associa\u00e7\u00f5es parceiras do evento.<\/p>\n<p class=\"title-2\"><strong>O que podemos esperar da ITMA 2023?<\/strong><\/p>\n<p>A ITMA 2023 ser\u00e1 realizada de 8 a 14 de junho de 2023 no complexo Fiera Milano Rho, em Mil\u00e3o, It\u00e1lia. Mil\u00e3o ser\u00e1 a sede do evento pela sexta vez, tornando-a a cidade europeia que mais recebeu edi\u00e7\u00f5es do evento.<\/p>\n<p class=\"text-align-center\"><img loading=\"lazy\" decoding=\"async\" src=\"https:\/\/www.escarre.com\/wp-content\/uploads\/ITMA-2023-banner_1.png\" alt=\"Banner ITMA 2023\" width=\"753\" height=\"234\" data-entity-type=\"file\" data-entity-uuid=\"ac31cdf1-3632-48b7-b141-83691b9aa9cf\" \/><\/p>\n<p>Como novidade nesta edi\u00e7\u00e3o, ser\u00e1 criado um novo espa\u00e7o dedicado \u00e0s estruturas de refor\u00e7o t\u00eaxtil para materiais compostos. O tema da edi\u00e7\u00e3o \u00e9 &#8220;<strong>Pivotando para a transforma\u00e7\u00e3o digital e circularidade&#8221; com 4 linhas principais de a\u00e7\u00e3o&#8221;<\/strong>.<\/p>\n<ol>\n<li>Inova\u00e7\u00e3o em fibras t\u00eaxteis com as quais fazer materiais avan\u00e7ados e t\u00eaxteis t\u00e9cnicos polivalentes.<\/li>\n<li>Inova\u00e7\u00f5es tecnol\u00f3gicas nos processos de produ\u00e7\u00e3o t\u00eaxtil em manufatura e vestu\u00e1rio.<\/li>\n<li>Digitaliza\u00e7\u00e3o de processos na ind\u00fastria t\u00eaxtil que t\u00eam um impacto positivo na cadeia de valor.<\/li>\n<li>O uso de materiais sustent\u00e1veis e processos circulares que contribuem para a expans\u00e3o e o desenvolvimento sustent\u00e1vel do setor t\u00eaxtil.<\/li>\n<\/ol>\n<p>O \u00faltimo comunicado de imprensa de mar\u00e7o de 2022 confirmou que a ITMA j\u00e1 reservou 93% do espa\u00e7o dispon\u00edvel. Um total de 1364 expositores de 42 pa\u00edses est\u00e3o no caminho certo para ocupar 12 sal\u00f5es do complexo de exposi\u00e7\u00f5es da Fiera Milano Rho.<\/p>\n<p>Ernesto Maurer, Presidente da CEMATEX, disse: &#8220;A resposta \u00e0 ITMA 2023 superou nossas expectativas, apesar das incertezas econ\u00f4micas e geopol\u00edticas enfrentadas pela comunidade empresarial global. Somos gratos pelo forte apoio da ind\u00fastria. O status de reserva de espa\u00e7o mostra a confian\u00e7a da ind\u00fastria na ITMA como a melhor plataforma de lan\u00e7amento global para as \u00faltimas tecnologias e inova\u00e7\u00f5es&#8221;.<\/p>\n<p>Os tr\u00eas pa\u00edses com o maior n\u00famero de aplica\u00e7\u00f5es s\u00e3o It\u00e1lia, Alemanha e Espanha. Do resto do mundo, os principais pa\u00edses s\u00e3o China, Turquia e \u00cdndia. Os principais setores de acordo com o n\u00famero de candidatos s\u00e3o acabamento, fia\u00e7\u00e3o, tecelagem, impress\u00e3o, bobinagem e n\u00e3o-tecidos.<\/p>\n<p class=\"title-2\"><strong>EAS na ITMA 2023<\/strong><\/p>\n<p>Como anunciamos em 2021, a EAS confirmou sua participa\u00e7\u00e3o na ITMA 2023. Esta ser\u00e1 nossa sexta participa\u00e7\u00e3o consecutiva desde nossa estreia na edi\u00e7\u00e3o de 1999 em Paris.<\/p>\n<p class=\"text-align-center\"><img loading=\"lazy\" decoding=\"async\" src=\"https:\/\/www.escarre.com\/wp-content\/uploads\/EAS-en-la-ITMA-2019_1.png\" alt=\"Stand EAS ITMA 2019 em Barcelona\" width=\"693\" height=\"462\" data-entity-type=\"file\" data-entity-uuid=\"d3092e45-f639-4921-9ef2-492c9e8f62a1\" \/><\/p>\n<p>Para a edi\u00e7\u00e3o de 2023 teremos novamente um espa\u00e7o de 80m2, que contar\u00e1 com a exposi\u00e7\u00e3o de nossas solu\u00e7\u00f5es para o setor t\u00eaxtil industrial. Estamos ansiosos para receber todos os nossos clientes, representantes e novos visitantes com o objetivo de estabelecer um ponto de encontro para discutir e celebrar o futuro do setor t\u00eaxtil. Um novo espa\u00e7o para continuar a promover a digitaliza\u00e7\u00e3o na ind\u00fastria t\u00eaxtil.<\/p>\n","protected":false},"excerpt":{"rendered":"<p>Neste post, n\u00f3s desvendamos todos os detalhes da feira comercial mais importante do mundo para o setor t\u00eaxtil.<\/p>\n","protected":false},"author":1,"featured_media":2770,"comment_status":"open","ping_status":"open","sticky":false,"template":"","format":"standard","meta":{"_acf_changed":false,"footnotes":""},"categories":[93],"tags":[],"class_list":["post-2756","post","type-post","status-publish","format-standard","has-post-thumbnail","hentry","category-noticias-pt-pt"],"acf":[],"yoast_head":"<!-- This site is optimized with the Yoast SEO plugin v26.7 - https:\/\/yoast.com\/wordpress\/plugins\/seo\/ -->\n<title>Prepare-se para a ITMA 2023: tudo o que voc\u00ea precisa saber - Escarre<\/title>\n<meta name=\"description\" content=\"Neste post, n\u00f3s desvendamos todos os detalhes da feira comercial mais importante do mundo para o setor t\u00eaxtil.\" \/>\n<meta name=\"robots\" content=\"index, follow, max-snippet:-1, max-image-preview:large, max-video-preview:-1\" \/>\n<link rel=\"canonical\" href=\"https:\/\/www.escarre.com\/pt-pt\/noticia\/prepare-se-para-a-itma-2023-tudo-o-que-voce-precisa-saber\/\" \/>\n<meta property=\"og:locale\" content=\"pt_PT\" \/>\n<meta property=\"og:type\" content=\"article\" \/>\n<meta property=\"og:title\" content=\"Prepare-se para a ITMA 2023: tudo o que voc\u00ea precisa saber - Escarre\" \/>\n<meta property=\"og:description\" content=\"Neste post, n\u00f3s desvendamos todos os detalhes da feira comercial mais importante do mundo para o setor t\u00eaxtil.\" \/>\n<meta property=\"og:url\" content=\"https:\/\/www.escarre.com\/pt-pt\/noticia\/prepare-se-para-a-itma-2023-tudo-o-que-voce-precisa-saber\/\" \/>\n<meta property=\"og:site_name\" content=\"Escarre\" \/>\n<meta property=\"article:published_time\" content=\"2022-04-04T00:00:00+00:00\" \/>\n<meta property=\"article:modified_time\" content=\"2023-06-20T09:56:51+00:00\" \/>\n<meta property=\"og:image\" content=\"https:\/\/www.escarre.com\/wp-content\/uploads\/ITMA2023_FullEventID_Logo_Horiz_1.png\" \/>\n\t<meta property=\"og:image:width\" content=\"1909\" \/>\n\t<meta property=\"og:image:height\" content=\"1160\" \/>\n\t<meta property=\"og:image:type\" content=\"image\/png\" \/>\n<meta name=\"author\" content=\"emfasi\" \/>\n<meta name=\"twitter:card\" content=\"summary_large_image\" \/>\n<meta name=\"twitter:label1\" content=\"Escrito por\" \/>\n\t<meta name=\"twitter:data1\" content=\"emfasi\" \/>\n<script type=\"application\/ld+json\" class=\"yoast-schema-graph\">{\"@context\":\"https:\/\/schema.org\",\"@graph\":[{\"@type\":\"Article\",\"@id\":\"https:\/\/www.escarre.com\/pt-pt\/noticia\/prepare-se-para-a-itma-2023-tudo-o-que-voce-precisa-saber\/#article\",\"isPartOf\":{\"@id\":\"https:\/\/www.escarre.com\/pt-pt\/noticia\/prepare-se-para-a-itma-2023-tudo-o-que-voce-precisa-saber\/\"},\"author\":{\"name\":\"emfasi\",\"@id\":\"https:\/\/www.escarre.com\/pt-pt\/#\/schema\/person\/a5731615a80c3428785daf6feea6dfd1\"},\"headline\":\"Prepare-se para a ITMA 2023: tudo o que voc\u00ea precisa saber\",\"datePublished\":\"2022-04-04T00:00:00+00:00\",\"dateModified\":\"2023-06-20T09:56:51+00:00\",\"mainEntityOfPage\":{\"@id\":\"https:\/\/www.escarre.com\/pt-pt\/noticia\/prepare-se-para-a-itma-2023-tudo-o-que-voce-precisa-saber\/\"},\"wordCount\":852,\"commentCount\":0,\"publisher\":{\"@id\":\"https:\/\/www.escarre.com\/pt-pt\/#organization\"},\"image\":{\"@id\":\"https:\/\/www.escarre.com\/pt-pt\/noticia\/prepare-se-para-a-itma-2023-tudo-o-que-voce-precisa-saber\/#primaryimage\"},\"thumbnailUrl\":\"https:\/\/www.escarre.com\/wp-content\/uploads\/ITMA2023_FullEventID_Logo_Horiz_1.png\",\"articleSection\":[\"Not\u00edcias\"],\"inLanguage\":\"pt-PT\",\"potentialAction\":[{\"@type\":\"CommentAction\",\"name\":\"Comment\",\"target\":[\"https:\/\/www.escarre.com\/pt-pt\/noticia\/prepare-se-para-a-itma-2023-tudo-o-que-voce-precisa-saber\/#respond\"]}]},{\"@type\":\"WebPage\",\"@id\":\"https:\/\/www.escarre.com\/pt-pt\/noticia\/prepare-se-para-a-itma-2023-tudo-o-que-voce-precisa-saber\/\",\"url\":\"https:\/\/www.escarre.com\/pt-pt\/noticia\/prepare-se-para-a-itma-2023-tudo-o-que-voce-precisa-saber\/\",\"name\":\"Prepare-se para a ITMA 2023: tudo o que voc\u00ea precisa saber - Escarre\",\"isPartOf\":{\"@id\":\"https:\/\/www.escarre.com\/pt-pt\/#website\"},\"primaryImageOfPage\":{\"@id\":\"https:\/\/www.escarre.com\/pt-pt\/noticia\/prepare-se-para-a-itma-2023-tudo-o-que-voce-precisa-saber\/#primaryimage\"},\"image\":{\"@id\":\"https:\/\/www.escarre.com\/pt-pt\/noticia\/prepare-se-para-a-itma-2023-tudo-o-que-voce-precisa-saber\/#primaryimage\"},\"thumbnailUrl\":\"https:\/\/www.escarre.com\/wp-content\/uploads\/ITMA2023_FullEventID_Logo_Horiz_1.png\",\"datePublished\":\"2022-04-04T00:00:00+00:00\",\"dateModified\":\"2023-06-20T09:56:51+00:00\",\"description\":\"Neste post, n\u00f3s desvendamos todos os detalhes da feira comercial mais importante do mundo para o setor t\u00eaxtil.\",\"breadcrumb\":{\"@id\":\"https:\/\/www.escarre.com\/pt-pt\/noticia\/prepare-se-para-a-itma-2023-tudo-o-que-voce-precisa-saber\/#breadcrumb\"},\"inLanguage\":\"pt-PT\",\"potentialAction\":[{\"@type\":\"ReadAction\",\"target\":[\"https:\/\/www.escarre.com\/pt-pt\/noticia\/prepare-se-para-a-itma-2023-tudo-o-que-voce-precisa-saber\/\"]}]},{\"@type\":\"ImageObject\",\"inLanguage\":\"pt-PT\",\"@id\":\"https:\/\/www.escarre.com\/pt-pt\/noticia\/prepare-se-para-a-itma-2023-tudo-o-que-voce-precisa-saber\/#primaryimage\",\"url\":\"https:\/\/www.escarre.com\/wp-content\/uploads\/ITMA2023_FullEventID_Logo_Horiz_1.png\",\"contentUrl\":\"https:\/\/www.escarre.com\/wp-content\/uploads\/ITMA2023_FullEventID_Logo_Horiz_1.png\",\"width\":1909,\"height\":1160},{\"@type\":\"BreadcrumbList\",\"@id\":\"https:\/\/www.escarre.com\/pt-pt\/noticia\/prepare-se-para-a-itma-2023-tudo-o-que-voce-precisa-saber\/#breadcrumb\",\"itemListElement\":[{\"@type\":\"ListItem\",\"position\":1,\"name\":\"Portada\",\"item\":\"https:\/\/www.escarre.com\/pt-pt\/\"},{\"@type\":\"ListItem\",\"position\":2,\"name\":\"Prepare-se para a ITMA 2023: tudo o que voc\u00ea precisa saber\"}]},{\"@type\":\"WebSite\",\"@id\":\"https:\/\/www.escarre.com\/pt-pt\/#website\",\"url\":\"https:\/\/www.escarre.com\/pt-pt\/\",\"name\":\"Escarre\",\"description\":\"\",\"publisher\":{\"@id\":\"https:\/\/www.escarre.com\/pt-pt\/#organization\"},\"potentialAction\":[{\"@type\":\"SearchAction\",\"target\":{\"@type\":\"EntryPoint\",\"urlTemplate\":\"https:\/\/www.escarre.com\/pt-pt\/?s={search_term_string}\"},\"query-input\":{\"@type\":\"PropertyValueSpecification\",\"valueRequired\":true,\"valueName\":\"search_term_string\"}}],\"inLanguage\":\"pt-PT\"},{\"@type\":\"Organization\",\"@id\":\"https:\/\/www.escarre.com\/pt-pt\/#organization\",\"name\":\"Escarre\",\"url\":\"https:\/\/www.escarre.com\/pt-pt\/\",\"logo\":{\"@type\":\"ImageObject\",\"inLanguage\":\"pt-PT\",\"@id\":\"https:\/\/www.escarre.com\/pt-pt\/#\/schema\/logo\/image\/\",\"url\":\"https:\/\/www.escarre.com\/wp-content\/uploads\/logo-eas-1.png\",\"contentUrl\":\"https:\/\/www.escarre.com\/wp-content\/uploads\/logo-eas-1.png\",\"width\":700,\"height\":125,\"caption\":\"Escarre\"},\"image\":{\"@id\":\"https:\/\/www.escarre.com\/pt-pt\/#\/schema\/logo\/image\/\"}},{\"@type\":\"Person\",\"@id\":\"https:\/\/www.escarre.com\/pt-pt\/#\/schema\/person\/a5731615a80c3428785daf6feea6dfd1\",\"name\":\"emfasi\",\"sameAs\":[\"https:\/\/www.escarre.com\"],\"url\":\"https:\/\/www.escarre.com\/pt-pt\/noticias\/author\/emfasi\/\"}]}<\/script>\n<!-- \/ Yoast SEO plugin. -->","yoast_head_json":{"title":"Prepare-se para a ITMA 2023: tudo o que voc\u00ea precisa saber - Escarre","description":"Neste post, n\u00f3s desvendamos todos os detalhes da feira comercial mais importante do mundo para o setor t\u00eaxtil.","robots":{"index":"index","follow":"follow","max-snippet":"max-snippet:-1","max-image-preview":"max-image-preview:large","max-video-preview":"max-video-preview:-1"},"canonical":"https:\/\/www.escarre.com\/pt-pt\/noticia\/prepare-se-para-a-itma-2023-tudo-o-que-voce-precisa-saber\/","og_locale":"pt_PT","og_type":"article","og_title":"Prepare-se para a ITMA 2023: tudo o que voc\u00ea precisa saber - Escarre","og_description":"Neste post, n\u00f3s desvendamos todos os detalhes da feira comercial mais importante do mundo para o setor t\u00eaxtil.","og_url":"https:\/\/www.escarre.com\/pt-pt\/noticia\/prepare-se-para-a-itma-2023-tudo-o-que-voce-precisa-saber\/","og_site_name":"Escarre","article_published_time":"2022-04-04T00:00:00+00:00","article_modified_time":"2023-06-20T09:56:51+00:00","og_image":[{"width":1909,"height":1160,"url":"https:\/\/www.escarre.com\/wp-content\/uploads\/ITMA2023_FullEventID_Logo_Horiz_1.png","type":"image\/png"}],"author":"emfasi","twitter_card":"summary_large_image","twitter_misc":{"Escrito por":"emfasi"},"schema":{"@context":"https:\/\/schema.org","@graph":[{"@type":"Article","@id":"https:\/\/www.escarre.com\/pt-pt\/noticia\/prepare-se-para-a-itma-2023-tudo-o-que-voce-precisa-saber\/#article","isPartOf":{"@id":"https:\/\/www.escarre.com\/pt-pt\/noticia\/prepare-se-para-a-itma-2023-tudo-o-que-voce-precisa-saber\/"},"author":{"name":"emfasi","@id":"https:\/\/www.escarre.com\/pt-pt\/#\/schema\/person\/a5731615a80c3428785daf6feea6dfd1"},"headline":"Prepare-se para a ITMA 2023: tudo o que voc\u00ea precisa saber","datePublished":"2022-04-04T00:00:00+00:00","dateModified":"2023-06-20T09:56:51+00:00","mainEntityOfPage":{"@id":"https:\/\/www.escarre.com\/pt-pt\/noticia\/prepare-se-para-a-itma-2023-tudo-o-que-voce-precisa-saber\/"},"wordCount":852,"commentCount":0,"publisher":{"@id":"https:\/\/www.escarre.com\/pt-pt\/#organization"},"image":{"@id":"https:\/\/www.escarre.com\/pt-pt\/noticia\/prepare-se-para-a-itma-2023-tudo-o-que-voce-precisa-saber\/#primaryimage"},"thumbnailUrl":"https:\/\/www.escarre.com\/wp-content\/uploads\/ITMA2023_FullEventID_Logo_Horiz_1.png","articleSection":["Not\u00edcias"],"inLanguage":"pt-PT","potentialAction":[{"@type":"CommentAction","name":"Comment","target":["https:\/\/www.escarre.com\/pt-pt\/noticia\/prepare-se-para-a-itma-2023-tudo-o-que-voce-precisa-saber\/#respond"]}]},{"@type":"WebPage","@id":"https:\/\/www.escarre.com\/pt-pt\/noticia\/prepare-se-para-a-itma-2023-tudo-o-que-voce-precisa-saber\/","url":"https:\/\/www.escarre.com\/pt-pt\/noticia\/prepare-se-para-a-itma-2023-tudo-o-que-voce-precisa-saber\/","name":"Prepare-se para a ITMA 2023: tudo o que voc\u00ea precisa saber - Escarre","isPartOf":{"@id":"https:\/\/www.escarre.com\/pt-pt\/#website"},"primaryImageOfPage":{"@id":"https:\/\/www.escarre.com\/pt-pt\/noticia\/prepare-se-para-a-itma-2023-tudo-o-que-voce-precisa-saber\/#primaryimage"},"image":{"@id":"https:\/\/www.escarre.com\/pt-pt\/noticia\/prepare-se-para-a-itma-2023-tudo-o-que-voce-precisa-saber\/#primaryimage"},"thumbnailUrl":"https:\/\/www.escarre.com\/wp-content\/uploads\/ITMA2023_FullEventID_Logo_Horiz_1.png","datePublished":"2022-04-04T00:00:00+00:00","dateModified":"2023-06-20T09:56:51+00:00","description":"Neste post, n\u00f3s desvendamos todos os detalhes da feira comercial mais importante do mundo para o setor t\u00eaxtil.","breadcrumb":{"@id":"https:\/\/www.escarre.com\/pt-pt\/noticia\/prepare-se-para-a-itma-2023-tudo-o-que-voce-precisa-saber\/#breadcrumb"},"inLanguage":"pt-PT","potentialAction":[{"@type":"ReadAction","target":["https:\/\/www.escarre.com\/pt-pt\/noticia\/prepare-se-para-a-itma-2023-tudo-o-que-voce-precisa-saber\/"]}]},{"@type":"ImageObject","inLanguage":"pt-PT","@id":"https:\/\/www.escarre.com\/pt-pt\/noticia\/prepare-se-para-a-itma-2023-tudo-o-que-voce-precisa-saber\/#primaryimage","url":"https:\/\/www.escarre.com\/wp-content\/uploads\/ITMA2023_FullEventID_Logo_Horiz_1.png","contentUrl":"https:\/\/www.escarre.com\/wp-content\/uploads\/ITMA2023_FullEventID_Logo_Horiz_1.png","width":1909,"height":1160},{"@type":"BreadcrumbList","@id":"https:\/\/www.escarre.com\/pt-pt\/noticia\/prepare-se-para-a-itma-2023-tudo-o-que-voce-precisa-saber\/#breadcrumb","itemListElement":[{"@type":"ListItem","position":1,"name":"Portada","item":"https:\/\/www.escarre.com\/pt-pt\/"},{"@type":"ListItem","position":2,"name":"Prepare-se para a ITMA 2023: tudo o que voc\u00ea precisa saber"}]},{"@type":"WebSite","@id":"https:\/\/www.escarre.com\/pt-pt\/#website","url":"https:\/\/www.escarre.com\/pt-pt\/","name":"Escarre","description":"","publisher":{"@id":"https:\/\/www.escarre.com\/pt-pt\/#organization"},"potentialAction":[{"@type":"SearchAction","target":{"@type":"EntryPoint","urlTemplate":"https:\/\/www.escarre.com\/pt-pt\/?s={search_term_string}"},"query-input":{"@type":"PropertyValueSpecification","valueRequired":true,"valueName":"search_term_string"}}],"inLanguage":"pt-PT"},{"@type":"Organization","@id":"https:\/\/www.escarre.com\/pt-pt\/#organization","name":"Escarre","url":"https:\/\/www.escarre.com\/pt-pt\/","logo":{"@type":"ImageObject","inLanguage":"pt-PT","@id":"https:\/\/www.escarre.com\/pt-pt\/#\/schema\/logo\/image\/","url":"https:\/\/www.escarre.com\/wp-content\/uploads\/logo-eas-1.png","contentUrl":"https:\/\/www.escarre.com\/wp-content\/uploads\/logo-eas-1.png","width":700,"height":125,"caption":"Escarre"},"image":{"@id":"https:\/\/www.escarre.com\/pt-pt\/#\/schema\/logo\/image\/"}},{"@type":"Person","@id":"https:\/\/www.escarre.com\/pt-pt\/#\/schema\/person\/a5731615a80c3428785daf6feea6dfd1","name":"emfasi","sameAs":["https:\/\/www.escarre.com"],"url":"https:\/\/www.escarre.com\/pt-pt\/noticias\/author\/emfasi\/"}]}},"_links":{"self":[{"href":"https:\/\/www.escarre.com\/pt-pt\/wp-json\/wp\/v2\/posts\/2756","targetHints":{"allow":["GET"]}}],"collection":[{"href":"https:\/\/www.escarre.com\/pt-pt\/wp-json\/wp\/v2\/posts"}],"about":[{"href":"https:\/\/www.escarre.com\/pt-pt\/wp-json\/wp\/v2\/types\/post"}],"author":[{"embeddable":true,"href":"https:\/\/www.escarre.com\/pt-pt\/wp-json\/wp\/v2\/users\/1"}],"replies":[{"embeddable":true,"href":"https:\/\/www.escarre.com\/pt-pt\/wp-json\/wp\/v2\/comments?post=2756"}],"version-history":[{"count":0,"href":"https:\/\/www.escarre.com\/pt-pt\/wp-json\/wp\/v2\/posts\/2756\/revisions"}],"wp:featuredmedia":[{"embeddable":true,"href":"https:\/\/www.escarre.com\/pt-pt\/wp-json\/wp\/v2\/media\/2770"}],"wp:attachment":[{"href":"https:\/\/www.escarre.com\/pt-pt\/wp-json\/wp\/v2\/media?parent=2756"}],"wp:term":[{"taxonomy":"category","embeddable":true,"href":"https:\/\/www.escarre.com\/pt-pt\/wp-json\/wp\/v2\/categories?post=2756"},{"taxonomy":"post_tag","embeddable":true,"href":"https:\/\/www.escarre.com\/pt-pt\/wp-json\/wp\/v2\/tags?post=2756"}],"curies":[{"name":"wp","href":"https:\/\/api.w.org\/{rel}","templated":true}]}}