{"id":2773,"date":"2022-04-25T00:00:00","date_gmt":"2022-04-25T00:00:00","guid":{"rendered":"https:\/\/www.escarre.com\/a-febratex-confirma-a-celebracao-de-sua-17a-edicao-em-2022\/"},"modified":"2023-06-20T09:56:01","modified_gmt":"2023-06-20T09:56:01","slug":"a-febratex-confirma-a-celebracao-de-sua-17a-edicao-em-2022","status":"publish","type":"post","link":"https:\/\/www.escarre.com\/pt-pt\/noticia\/a-febratex-confirma-a-celebracao-de-sua-17a-edicao-em-2022\/","title":{"rendered":"A Febratex confirma a celebra\u00e7\u00e3o de sua 17\u00aa edi\u00e7\u00e3o em 2022"},"content":{"rendered":"<p>Embora a ind\u00fastria t\u00eaxtil brasileira tenha passado por um per\u00edodo turbulento em 2020 devido \u00e0 pandemia e \u00e0 escassez de mat\u00e9rias-primas, os \u00faltimos dados econ\u00f4micos mostram uma mudan\u00e7a nas perspectivas.<\/p>\n<p>Segundo a Associa\u00e7\u00e3o Brasileira da Ind\u00fastria T\u00eaxtil e de Vestu\u00e1rio (Abit), o setor t\u00eaxtil e de vestu\u00e1rio teve um faturamento estimado em R$ 194 bilh\u00f5es em 2021, com uma previs\u00e3o de crescimento de 1,2% para 2022. Com dados t\u00e3o positivos para o setor t\u00eaxtil, a Febratex celebra sua edi\u00e7\u00e3o em um momento chave. Expositores, visitantes e compradores se reunir\u00e3o na maior feira t\u00eaxtil realizada nas Am\u00e9ricas; um evento que na edi\u00e7\u00e3o de 2022 vem carregado de novidades.<\/p>\n<h5 class=\"text-align-center\"><img loading=\"lazy\" decoding=\"async\" src=\"https:\/\/www.escarre.com\/wp-content\/uploads\/Banner-Febratex-22_alargado.png\" alt=\"Febratex 2022\" width=\"691\" height=\"108\" data-entity-type=\"file\" data-entity-uuid=\"66d3ad6d-a42a-4b7f-9c1f-416d41684868\" \/><\/h5>\n<p class=\"title-2\"><strong>Novidades e eventos na Febratex 2022<\/strong><\/p>\n<p>Uma das principais novidades desta edi\u00e7\u00e3o \u00e9 o aumento do espa\u00e7o de exposi\u00e7\u00e3o, atingindo a marca de 30.000m\u00b2, como mostrado no <a href=\"https:\/\/febratex.com.br\/wp-content\/uploads\/2022\/04\/MAPA-GERAL-2022_19.04.pdfhttps:\/\/febratex.com.br\/wp-content\/uploads\/2022\/04\/MAPA-GERAL-2022_19.04.pdf\">mapa geral.<\/a> O local ter\u00e1 7 \u00e1reas f\u00edsicas que ocupar\u00e3o 4 setores do Parque Vila Germ\u00e2nica. Al\u00e9m disso, ser\u00e1 criado um anexo ao setor 7, e o Gin\u00e1sio Galeg\u00e3o ser\u00e1 utilizado como uma extens\u00e3o da feira, dedicada a uma exposi\u00e7\u00e3o de tecnologia para o setor t\u00eaxtil.<\/p>\n<p>Outra novidade desta edi\u00e7\u00e3o ser\u00e1 o<strong> credenciamento exclusivo on-line<\/strong> atrav\u00e9s de seu site e o desaparecimento do ponto de credenciamento f\u00edsico. A inscri\u00e7\u00e3o \u00e9 gratuita at\u00e9 <strong>15 de agosto<\/strong>. Ap\u00f3s essa data, a entrada no evento custar\u00e1 R$50 por visitante. O credenciamento <strong>deve ser impresso<\/strong> no formato A4. Voc\u00ea pode solicitar seu credenciamento <a href=\"https:\/\/fcemeventos.bcseventos.inf.br\/visitantes\/index.php?id_edicao=35&amp;linguagem=portugues&amp;id_categoria=\">aqui<\/a>.<\/p>\n<p class=\"title-2\"><strong>A inova\u00e7\u00e3o no centro do evento<\/strong><\/p>\n<p>O Grupo Febratex est\u00e1 comprometido com uma edi\u00e7\u00e3o com inova\u00e7\u00e3o t\u00eaxtil e sustentabilidade em seu n\u00facleo, criando um espa\u00e7o exclusivo e diferenciado chamado Febratex Conecta, que visa promover o conhecimento e fomentar a coopera\u00e7\u00e3o entre as empresas do setor t\u00eaxtil. Este espa\u00e7o estar\u00e1 localizado no setor 3 do Parque Vila Germ\u00e2nica e apresentar\u00e1:<\/p>\n<ul>\n<li><strong>Exposi\u00e7\u00f5es com solu\u00e7\u00f5es t\u00eaxteis sustent\u00e1veis e inovadoras<\/strong>, apresentadas por empresas nacionais e internacionais.<\/li>\n<li><strong>Green Circle<\/strong>, por Citeve, Centro Tecnol\u00f3gico de Portugal, pela primeira vez na Am\u00e9rica.<\/li>\n<li><strong>Tr\u00eas dias de palestras<\/strong> pelos expositores.<\/li>\n<li><strong>Avan\u00e7o da Febratex Summit<\/strong>, com um dia de conte\u00fado exclusivo 2023, que tem como objetivo informar, inovar e inspirar.<\/li>\n<\/ul>\n<p class=\"text-align-center\"><img loading=\"lazy\" decoding=\"async\" src=\"https:\/\/www.escarre.com\/wp-content\/uploads\/IMG_2369.jpg\" alt=\"ITMA 2019 Barcelona\" width=\"691\" height=\"461\" data-entity-type=\"file\" data-entity-uuid=\"12dd61db-f1f7-4080-b1e5-0006c70ca081\" \/><\/p>\n<p class=\"title-2\"><strong>As Startups ocupam o centro do palco<\/strong><\/p>\n<p>Esta edi\u00e7\u00e3o contar\u00e1 com um novo espa\u00e7o: o <strong>Startup Corner<\/strong>. Um espa\u00e7o que nasceu na Febratex Summit de 2019 com o objetivo de promover solu\u00e7\u00f5es inovadoras para a ind\u00fastria da moda brasileira. A diretora executiva do Grupo Febratex, Giordana Madeira, explica: &#8220;<em>Criamos um ambiente exclusivo e acess\u00edvel para as startups que precisam de apoio. Este espa\u00e7o ter\u00e1 at\u00e9 18 startups que ter\u00e3o o apoio da curadoria da Blusoft<\/em>&#8220;.<\/p>\n<p class=\"title-2\"><strong>EAS Brasil na Febratex 2022<\/strong><\/p>\n<p>Como j\u00e1 anunciado, a EAS Brasil confirma sua participa\u00e7\u00e3o na Febratex 2022.<\/p>\n<p>Estamos ansiosos para receber nossos clientes, visitantes e representantes em nosso espa\u00e7o, localizado no <a href=\"https:\/\/febratex.com.br\/wp-content\/uploads\/2022\/04\/MAPA-SETOR-03_19.04.pdf\">Setor 3 Stand 10.<\/a> Um local projetado para atend\u00ea-lo confortavelmente e apresentar oficialmente ao Brasil nosso <a href=\"https:\/\/www.escarre.com\/pt\/nuevo-atlantis-pct-310\">novo controlador industrial Atlantis PCT-310<\/a> que lan\u00e7amos recentemente ao mercado, mais precisamente em Fevereiro.<\/p>\n<p class=\"text-align-center\"><img loading=\"lazy\" decoding=\"async\" src=\"https:\/\/www.escarre.com\/wp-content\/uploads\/Mock-up-stnad-febratex.png\" alt=\"Projeto stand Febratex 2022 EAS\" width=\"599\" height=\"395\" data-entity-type=\"file\" data-entity-uuid=\"ce56ca16-4f0b-49df-b399-b7e97c348d0b\" \/><\/p>\n<p>Voc\u00ea tamb\u00e9m encontrar\u00e1 em exposi\u00e7\u00e3o os \u00faltimos modelos de nosso sistema de dosagem <a href=\"https:\/\/www.escarre.com\/pt\/processo\/tecnodos\">TecnoDos <\/a>para produtos qu\u00edmicos e auxiliares l\u00edquidos e o sistema de prepara\u00e7\u00e3o de solu\u00e7\u00f5es <a href=\"https:\/\/www.escarre.com\/pt\/processo\/tecnomix\">TecnoMix<\/a>, entre uma sele\u00e7\u00e3o de acess\u00f3rios e pe\u00e7as de reposi\u00e7\u00e3o.<\/p>\n<p>Temos tamb\u00e9m um espa\u00e7o de reuni\u00e3o onde voc\u00ea pode<a href=\"https:\/\/calendly.com\/escarre\/febratex-2022?month=2022-08\"> marcar um hor\u00e1rio<\/a> para uma demonstra\u00e7\u00e3o de software ou uma reuni\u00e3o particular.<\/p>\n<p>Nos encontramos na Febratex!<\/p>\n","protected":false},"excerpt":{"rendered":"<p>Ap\u00f3s v\u00e1rias mudan\u00e7as de data devido \u00e0 pandemia, a Febratex Group emitiu um comunicado oficial de imprensa em 19 de abril confirmando o evento. A maior feira t\u00eaxtil e de vestu\u00e1rio do Brasil, a Febratex, abrir\u00e1 suas portas de 23 a 26 de agosto no Parque Vila Germ\u00e2nica, em Blumenau, Santa Caterina.<\/p>\n","protected":false},"author":1,"featured_media":2784,"comment_status":"open","ping_status":"open","sticky":false,"template":"","format":"standard","meta":{"_acf_changed":false,"footnotes":""},"categories":[93],"tags":[],"class_list":["post-2773","post","type-post","status-publish","format-standard","has-post-thumbnail","hentry","category-noticias-pt-pt"],"acf":[],"yoast_head":"<!-- This site is optimized with the Yoast SEO plugin v26.7 - https:\/\/yoast.com\/wordpress\/plugins\/seo\/ -->\n<title>A Febratex confirma a celebra\u00e7\u00e3o de sua 17\u00aa edi\u00e7\u00e3o em 2022 - Escarre<\/title>\n<meta name=\"description\" content=\"Ap\u00f3s v\u00e1rias mudan\u00e7as de data devido \u00e0 pandemia, a Febratex Group emitiu um comunicado oficial de imprensa em 19 de abril confirmando o evento. A maior feira t\u00eaxtil e de vestu\u00e1rio do Brasil, a Febratex, abrir\u00e1 suas portas de 23 a 26 de agosto no Parque Vila Germ\u00e2nica, em Blumenau, Santa Caterina.\" \/>\n<meta name=\"robots\" content=\"index, follow, max-snippet:-1, max-image-preview:large, max-video-preview:-1\" \/>\n<link rel=\"canonical\" href=\"https:\/\/www.escarre.com\/pt-pt\/noticia\/a-febratex-confirma-a-celebracao-de-sua-17a-edicao-em-2022\/\" \/>\n<meta property=\"og:locale\" content=\"pt_PT\" \/>\n<meta property=\"og:type\" content=\"article\" \/>\n<meta property=\"og:title\" content=\"A Febratex confirma a celebra\u00e7\u00e3o de sua 17\u00aa edi\u00e7\u00e3o em 2022 - Escarre\" \/>\n<meta property=\"og:description\" content=\"Ap\u00f3s v\u00e1rias mudan\u00e7as de data devido \u00e0 pandemia, a Febratex Group emitiu um comunicado oficial de imprensa em 19 de abril confirmando o evento. A maior feira t\u00eaxtil e de vestu\u00e1rio do Brasil, a Febratex, abrir\u00e1 suas portas de 23 a 26 de agosto no Parque Vila Germ\u00e2nica, em Blumenau, Santa Caterina.\" \/>\n<meta property=\"og:url\" content=\"https:\/\/www.escarre.com\/pt-pt\/noticia\/a-febratex-confirma-a-celebracao-de-sua-17a-edicao-em-2022\/\" \/>\n<meta property=\"og:site_name\" content=\"Escarre\" \/>\n<meta property=\"article:published_time\" content=\"2022-04-25T00:00:00+00:00\" \/>\n<meta property=\"article:modified_time\" content=\"2023-06-20T09:56:01+00:00\" \/>\n<meta property=\"og:image\" content=\"https:\/\/www.escarre.com\/wp-content\/uploads\/Mock-up-stnad-febratex-1.png\" \/>\n\t<meta property=\"og:image:width\" content=\"988\" \/>\n\t<meta property=\"og:image:height\" content=\"651\" \/>\n\t<meta property=\"og:image:type\" content=\"image\/png\" \/>\n<meta name=\"author\" content=\"emfasi\" \/>\n<meta name=\"twitter:card\" content=\"summary_large_image\" \/>\n<meta name=\"twitter:label1\" content=\"Escrito por\" \/>\n\t<meta name=\"twitter:data1\" content=\"emfasi\" \/>\n<script type=\"application\/ld+json\" class=\"yoast-schema-graph\">{\"@context\":\"https:\/\/schema.org\",\"@graph\":[{\"@type\":\"Article\",\"@id\":\"https:\/\/www.escarre.com\/pt-pt\/noticia\/a-febratex-confirma-a-celebracao-de-sua-17a-edicao-em-2022\/#article\",\"isPartOf\":{\"@id\":\"https:\/\/www.escarre.com\/pt-pt\/noticia\/a-febratex-confirma-a-celebracao-de-sua-17a-edicao-em-2022\/\"},\"author\":{\"name\":\"emfasi\",\"@id\":\"https:\/\/www.escarre.com\/pt-pt\/#\/schema\/person\/a5731615a80c3428785daf6feea6dfd1\"},\"headline\":\"A Febratex confirma a celebra\u00e7\u00e3o de sua 17\u00aa edi\u00e7\u00e3o em 2022\",\"datePublished\":\"2022-04-25T00:00:00+00:00\",\"dateModified\":\"2023-06-20T09:56:01+00:00\",\"mainEntityOfPage\":{\"@id\":\"https:\/\/www.escarre.com\/pt-pt\/noticia\/a-febratex-confirma-a-celebracao-de-sua-17a-edicao-em-2022\/\"},\"wordCount\":615,\"commentCount\":0,\"publisher\":{\"@id\":\"https:\/\/www.escarre.com\/pt-pt\/#organization\"},\"image\":{\"@id\":\"https:\/\/www.escarre.com\/pt-pt\/noticia\/a-febratex-confirma-a-celebracao-de-sua-17a-edicao-em-2022\/#primaryimage\"},\"thumbnailUrl\":\"https:\/\/www.escarre.com\/wp-content\/uploads\/Mock-up-stnad-febratex-1.png\",\"articleSection\":[\"Not\u00edcias\"],\"inLanguage\":\"pt-PT\",\"potentialAction\":[{\"@type\":\"CommentAction\",\"name\":\"Comment\",\"target\":[\"https:\/\/www.escarre.com\/pt-pt\/noticia\/a-febratex-confirma-a-celebracao-de-sua-17a-edicao-em-2022\/#respond\"]}]},{\"@type\":\"WebPage\",\"@id\":\"https:\/\/www.escarre.com\/pt-pt\/noticia\/a-febratex-confirma-a-celebracao-de-sua-17a-edicao-em-2022\/\",\"url\":\"https:\/\/www.escarre.com\/pt-pt\/noticia\/a-febratex-confirma-a-celebracao-de-sua-17a-edicao-em-2022\/\",\"name\":\"A Febratex confirma a celebra\u00e7\u00e3o de sua 17\u00aa edi\u00e7\u00e3o em 2022 - Escarre\",\"isPartOf\":{\"@id\":\"https:\/\/www.escarre.com\/pt-pt\/#website\"},\"primaryImageOfPage\":{\"@id\":\"https:\/\/www.escarre.com\/pt-pt\/noticia\/a-febratex-confirma-a-celebracao-de-sua-17a-edicao-em-2022\/#primaryimage\"},\"image\":{\"@id\":\"https:\/\/www.escarre.com\/pt-pt\/noticia\/a-febratex-confirma-a-celebracao-de-sua-17a-edicao-em-2022\/#primaryimage\"},\"thumbnailUrl\":\"https:\/\/www.escarre.com\/wp-content\/uploads\/Mock-up-stnad-febratex-1.png\",\"datePublished\":\"2022-04-25T00:00:00+00:00\",\"dateModified\":\"2023-06-20T09:56:01+00:00\",\"description\":\"Ap\u00f3s v\u00e1rias mudan\u00e7as de data devido \u00e0 pandemia, a Febratex Group emitiu um comunicado oficial de imprensa em 19 de abril confirmando o evento. A maior feira t\u00eaxtil e de vestu\u00e1rio do Brasil, a Febratex, abrir\u00e1 suas portas de 23 a 26 de agosto no Parque Vila Germ\u00e2nica, em Blumenau, Santa Caterina.\",\"breadcrumb\":{\"@id\":\"https:\/\/www.escarre.com\/pt-pt\/noticia\/a-febratex-confirma-a-celebracao-de-sua-17a-edicao-em-2022\/#breadcrumb\"},\"inLanguage\":\"pt-PT\",\"potentialAction\":[{\"@type\":\"ReadAction\",\"target\":[\"https:\/\/www.escarre.com\/pt-pt\/noticia\/a-febratex-confirma-a-celebracao-de-sua-17a-edicao-em-2022\/\"]}]},{\"@type\":\"ImageObject\",\"inLanguage\":\"pt-PT\",\"@id\":\"https:\/\/www.escarre.com\/pt-pt\/noticia\/a-febratex-confirma-a-celebracao-de-sua-17a-edicao-em-2022\/#primaryimage\",\"url\":\"https:\/\/www.escarre.com\/wp-content\/uploads\/Mock-up-stnad-febratex-1.png\",\"contentUrl\":\"https:\/\/www.escarre.com\/wp-content\/uploads\/Mock-up-stnad-febratex-1.png\",\"width\":988,\"height\":651},{\"@type\":\"BreadcrumbList\",\"@id\":\"https:\/\/www.escarre.com\/pt-pt\/noticia\/a-febratex-confirma-a-celebracao-de-sua-17a-edicao-em-2022\/#breadcrumb\",\"itemListElement\":[{\"@type\":\"ListItem\",\"position\":1,\"name\":\"Portada\",\"item\":\"https:\/\/www.escarre.com\/pt-pt\/\"},{\"@type\":\"ListItem\",\"position\":2,\"name\":\"A Febratex confirma a celebra\u00e7\u00e3o de sua 17\u00aa edi\u00e7\u00e3o em 2022\"}]},{\"@type\":\"WebSite\",\"@id\":\"https:\/\/www.escarre.com\/pt-pt\/#website\",\"url\":\"https:\/\/www.escarre.com\/pt-pt\/\",\"name\":\"Escarre\",\"description\":\"\",\"publisher\":{\"@id\":\"https:\/\/www.escarre.com\/pt-pt\/#organization\"},\"potentialAction\":[{\"@type\":\"SearchAction\",\"target\":{\"@type\":\"EntryPoint\",\"urlTemplate\":\"https:\/\/www.escarre.com\/pt-pt\/?s={search_term_string}\"},\"query-input\":{\"@type\":\"PropertyValueSpecification\",\"valueRequired\":true,\"valueName\":\"search_term_string\"}}],\"inLanguage\":\"pt-PT\"},{\"@type\":\"Organization\",\"@id\":\"https:\/\/www.escarre.com\/pt-pt\/#organization\",\"name\":\"Escarre\",\"url\":\"https:\/\/www.escarre.com\/pt-pt\/\",\"logo\":{\"@type\":\"ImageObject\",\"inLanguage\":\"pt-PT\",\"@id\":\"https:\/\/www.escarre.com\/pt-pt\/#\/schema\/logo\/image\/\",\"url\":\"https:\/\/www.escarre.com\/wp-content\/uploads\/logo-eas-1.png\",\"contentUrl\":\"https:\/\/www.escarre.com\/wp-content\/uploads\/logo-eas-1.png\",\"width\":700,\"height\":125,\"caption\":\"Escarre\"},\"image\":{\"@id\":\"https:\/\/www.escarre.com\/pt-pt\/#\/schema\/logo\/image\/\"}},{\"@type\":\"Person\",\"@id\":\"https:\/\/www.escarre.com\/pt-pt\/#\/schema\/person\/a5731615a80c3428785daf6feea6dfd1\",\"name\":\"emfasi\",\"sameAs\":[\"https:\/\/www.escarre.com\"],\"url\":\"https:\/\/www.escarre.com\/pt-pt\/noticias\/author\/emfasi\/\"}]}<\/script>\n<!-- \/ Yoast SEO plugin. -->","yoast_head_json":{"title":"A Febratex confirma a celebra\u00e7\u00e3o de sua 17\u00aa edi\u00e7\u00e3o em 2022 - Escarre","description":"Ap\u00f3s v\u00e1rias mudan\u00e7as de data devido \u00e0 pandemia, a Febratex Group emitiu um comunicado oficial de imprensa em 19 de abril confirmando o evento. A maior feira t\u00eaxtil e de vestu\u00e1rio do Brasil, a Febratex, abrir\u00e1 suas portas de 23 a 26 de agosto no Parque Vila Germ\u00e2nica, em Blumenau, Santa Caterina.","robots":{"index":"index","follow":"follow","max-snippet":"max-snippet:-1","max-image-preview":"max-image-preview:large","max-video-preview":"max-video-preview:-1"},"canonical":"https:\/\/www.escarre.com\/pt-pt\/noticia\/a-febratex-confirma-a-celebracao-de-sua-17a-edicao-em-2022\/","og_locale":"pt_PT","og_type":"article","og_title":"A Febratex confirma a celebra\u00e7\u00e3o de sua 17\u00aa edi\u00e7\u00e3o em 2022 - Escarre","og_description":"Ap\u00f3s v\u00e1rias mudan\u00e7as de data devido \u00e0 pandemia, a Febratex Group emitiu um comunicado oficial de imprensa em 19 de abril confirmando o evento. A maior feira t\u00eaxtil e de vestu\u00e1rio do Brasil, a Febratex, abrir\u00e1 suas portas de 23 a 26 de agosto no Parque Vila Germ\u00e2nica, em Blumenau, Santa Caterina.","og_url":"https:\/\/www.escarre.com\/pt-pt\/noticia\/a-febratex-confirma-a-celebracao-de-sua-17a-edicao-em-2022\/","og_site_name":"Escarre","article_published_time":"2022-04-25T00:00:00+00:00","article_modified_time":"2023-06-20T09:56:01+00:00","og_image":[{"width":988,"height":651,"url":"https:\/\/www.escarre.com\/wp-content\/uploads\/Mock-up-stnad-febratex-1.png","type":"image\/png"}],"author":"emfasi","twitter_card":"summary_large_image","twitter_misc":{"Escrito por":"emfasi"},"schema":{"@context":"https:\/\/schema.org","@graph":[{"@type":"Article","@id":"https:\/\/www.escarre.com\/pt-pt\/noticia\/a-febratex-confirma-a-celebracao-de-sua-17a-edicao-em-2022\/#article","isPartOf":{"@id":"https:\/\/www.escarre.com\/pt-pt\/noticia\/a-febratex-confirma-a-celebracao-de-sua-17a-edicao-em-2022\/"},"author":{"name":"emfasi","@id":"https:\/\/www.escarre.com\/pt-pt\/#\/schema\/person\/a5731615a80c3428785daf6feea6dfd1"},"headline":"A Febratex confirma a celebra\u00e7\u00e3o de sua 17\u00aa edi\u00e7\u00e3o em 2022","datePublished":"2022-04-25T00:00:00+00:00","dateModified":"2023-06-20T09:56:01+00:00","mainEntityOfPage":{"@id":"https:\/\/www.escarre.com\/pt-pt\/noticia\/a-febratex-confirma-a-celebracao-de-sua-17a-edicao-em-2022\/"},"wordCount":615,"commentCount":0,"publisher":{"@id":"https:\/\/www.escarre.com\/pt-pt\/#organization"},"image":{"@id":"https:\/\/www.escarre.com\/pt-pt\/noticia\/a-febratex-confirma-a-celebracao-de-sua-17a-edicao-em-2022\/#primaryimage"},"thumbnailUrl":"https:\/\/www.escarre.com\/wp-content\/uploads\/Mock-up-stnad-febratex-1.png","articleSection":["Not\u00edcias"],"inLanguage":"pt-PT","potentialAction":[{"@type":"CommentAction","name":"Comment","target":["https:\/\/www.escarre.com\/pt-pt\/noticia\/a-febratex-confirma-a-celebracao-de-sua-17a-edicao-em-2022\/#respond"]}]},{"@type":"WebPage","@id":"https:\/\/www.escarre.com\/pt-pt\/noticia\/a-febratex-confirma-a-celebracao-de-sua-17a-edicao-em-2022\/","url":"https:\/\/www.escarre.com\/pt-pt\/noticia\/a-febratex-confirma-a-celebracao-de-sua-17a-edicao-em-2022\/","name":"A Febratex confirma a celebra\u00e7\u00e3o de sua 17\u00aa edi\u00e7\u00e3o em 2022 - Escarre","isPartOf":{"@id":"https:\/\/www.escarre.com\/pt-pt\/#website"},"primaryImageOfPage":{"@id":"https:\/\/www.escarre.com\/pt-pt\/noticia\/a-febratex-confirma-a-celebracao-de-sua-17a-edicao-em-2022\/#primaryimage"},"image":{"@id":"https:\/\/www.escarre.com\/pt-pt\/noticia\/a-febratex-confirma-a-celebracao-de-sua-17a-edicao-em-2022\/#primaryimage"},"thumbnailUrl":"https:\/\/www.escarre.com\/wp-content\/uploads\/Mock-up-stnad-febratex-1.png","datePublished":"2022-04-25T00:00:00+00:00","dateModified":"2023-06-20T09:56:01+00:00","description":"Ap\u00f3s v\u00e1rias mudan\u00e7as de data devido \u00e0 pandemia, a Febratex Group emitiu um comunicado oficial de imprensa em 19 de abril confirmando o evento. A maior feira t\u00eaxtil e de vestu\u00e1rio do Brasil, a Febratex, abrir\u00e1 suas portas de 23 a 26 de agosto no Parque Vila Germ\u00e2nica, em Blumenau, Santa Caterina.","breadcrumb":{"@id":"https:\/\/www.escarre.com\/pt-pt\/noticia\/a-febratex-confirma-a-celebracao-de-sua-17a-edicao-em-2022\/#breadcrumb"},"inLanguage":"pt-PT","potentialAction":[{"@type":"ReadAction","target":["https:\/\/www.escarre.com\/pt-pt\/noticia\/a-febratex-confirma-a-celebracao-de-sua-17a-edicao-em-2022\/"]}]},{"@type":"ImageObject","inLanguage":"pt-PT","@id":"https:\/\/www.escarre.com\/pt-pt\/noticia\/a-febratex-confirma-a-celebracao-de-sua-17a-edicao-em-2022\/#primaryimage","url":"https:\/\/www.escarre.com\/wp-content\/uploads\/Mock-up-stnad-febratex-1.png","contentUrl":"https:\/\/www.escarre.com\/wp-content\/uploads\/Mock-up-stnad-febratex-1.png","width":988,"height":651},{"@type":"BreadcrumbList","@id":"https:\/\/www.escarre.com\/pt-pt\/noticia\/a-febratex-confirma-a-celebracao-de-sua-17a-edicao-em-2022\/#breadcrumb","itemListElement":[{"@type":"ListItem","position":1,"name":"Portada","item":"https:\/\/www.escarre.com\/pt-pt\/"},{"@type":"ListItem","position":2,"name":"A Febratex confirma a celebra\u00e7\u00e3o de sua 17\u00aa edi\u00e7\u00e3o em 2022"}]},{"@type":"WebSite","@id":"https:\/\/www.escarre.com\/pt-pt\/#website","url":"https:\/\/www.escarre.com\/pt-pt\/","name":"Escarre","description":"","publisher":{"@id":"https:\/\/www.escarre.com\/pt-pt\/#organization"},"potentialAction":[{"@type":"SearchAction","target":{"@type":"EntryPoint","urlTemplate":"https:\/\/www.escarre.com\/pt-pt\/?s={search_term_string}"},"query-input":{"@type":"PropertyValueSpecification","valueRequired":true,"valueName":"search_term_string"}}],"inLanguage":"pt-PT"},{"@type":"Organization","@id":"https:\/\/www.escarre.com\/pt-pt\/#organization","name":"Escarre","url":"https:\/\/www.escarre.com\/pt-pt\/","logo":{"@type":"ImageObject","inLanguage":"pt-PT","@id":"https:\/\/www.escarre.com\/pt-pt\/#\/schema\/logo\/image\/","url":"https:\/\/www.escarre.com\/wp-content\/uploads\/logo-eas-1.png","contentUrl":"https:\/\/www.escarre.com\/wp-content\/uploads\/logo-eas-1.png","width":700,"height":125,"caption":"Escarre"},"image":{"@id":"https:\/\/www.escarre.com\/pt-pt\/#\/schema\/logo\/image\/"}},{"@type":"Person","@id":"https:\/\/www.escarre.com\/pt-pt\/#\/schema\/person\/a5731615a80c3428785daf6feea6dfd1","name":"emfasi","sameAs":["https:\/\/www.escarre.com"],"url":"https:\/\/www.escarre.com\/pt-pt\/noticias\/author\/emfasi\/"}]}},"_links":{"self":[{"href":"https:\/\/www.escarre.com\/pt-pt\/wp-json\/wp\/v2\/posts\/2773","targetHints":{"allow":["GET"]}}],"collection":[{"href":"https:\/\/www.escarre.com\/pt-pt\/wp-json\/wp\/v2\/posts"}],"about":[{"href":"https:\/\/www.escarre.com\/pt-pt\/wp-json\/wp\/v2\/types\/post"}],"author":[{"embeddable":true,"href":"https:\/\/www.escarre.com\/pt-pt\/wp-json\/wp\/v2\/users\/1"}],"replies":[{"embeddable":true,"href":"https:\/\/www.escarre.com\/pt-pt\/wp-json\/wp\/v2\/comments?post=2773"}],"version-history":[{"count":0,"href":"https:\/\/www.escarre.com\/pt-pt\/wp-json\/wp\/v2\/posts\/2773\/revisions"}],"wp:featuredmedia":[{"embeddable":true,"href":"https:\/\/www.escarre.com\/pt-pt\/wp-json\/wp\/v2\/media\/2784"}],"wp:attachment":[{"href":"https:\/\/www.escarre.com\/pt-pt\/wp-json\/wp\/v2\/media?parent=2773"}],"wp:term":[{"taxonomy":"category","embeddable":true,"href":"https:\/\/www.escarre.com\/pt-pt\/wp-json\/wp\/v2\/categories?post=2773"},{"taxonomy":"post_tag","embeddable":true,"href":"https:\/\/www.escarre.com\/pt-pt\/wp-json\/wp\/v2\/tags?post=2773"}],"curies":[{"name":"wp","href":"https:\/\/api.w.org\/{rel}","templated":true}]}}