{"id":2792,"date":"2022-01-14T00:00:00","date_gmt":"2022-01-14T00:00:00","guid":{"rendered":"https:\/\/www.escarre.com\/as-feiras-texteis-presenciais-voltam-em-2022\/"},"modified":"2023-06-20T09:58:41","modified_gmt":"2023-06-20T09:58:41","slug":"as-feiras-texteis-presenciais-voltam-em-2022","status":"publish","type":"post","link":"https:\/\/www.escarre.com\/pt-pt\/noticia\/as-feiras-texteis-presenciais-voltam-em-2022\/","title":{"rendered":"As feiras t\u00eaxteis presenciais voltam em 2022"},"content":{"rendered":"<p>A pandemia da Covid-19 foi o gatilho para que as feiras comerciais presenciais em qualquer setor sofressem um grande desequil\u00edbrio em 2021. Gra\u00e7as aos planos de vacina\u00e7\u00e3o que os pa\u00edses est\u00e3o implantando e ao relaxamento das restri\u00e7\u00f5es de viagens internacionais, os organizadores de eventos est\u00e3o mais uma vez apostando em feiras presenciais em 2022.<\/p>\n<p>Em 2021, a grande maioria das feiras comerciais foi cancelada ou adaptada a um formato digital. Mas n\u00f3s humanos, somos seres sociais, e apesar do fato de que a tecnologia est\u00e1 do nosso lado, preferimos assistir a eventos presenciais, onde podemos ver, tocar e interagir. Al\u00e9m disso, os eventos deste ano ser\u00e3o o prel\u00fadio da grande feira da ind\u00fastria t\u00eaxtil: ITMA 2023, que acontecer\u00e1 em Mil\u00e3o de 8 a 14 de junho de 2023.<\/p>\n<p class=\"text-align-center\"><img decoding=\"async\" src=\"https:\/\/www.escarre.com\/wp-content\/uploads\/download_1.jpg\" alt=\"ITMA 2023 Logo\" data-entity-type=\"file\" data-entity-uuid=\"e645d7ff-ec51-4680-bb46-03a57885a9bb\" \/><\/p>\n<p>Desta forma, os organizadores das feiras optaram por eventos presenciais que garantem a seguran\u00e7a dos expositores e visitantes. Como por exemplo: dist\u00e2ncias de seguran\u00e7a, m\u00e1scaras em ambientes fechados, certificados de vacina\u00e7\u00e3o&#8230; s\u00e3o requisitos essenciais para assistir a esses eventos.<\/p>\n<p>No entanto, a pandemia ainda n\u00e3o terminou. O aparecimento da nova variante Omicron, que \u00e9 mais contagiosa, mudou mais uma vez as regras do jogo e pode afetar a realiza\u00e7\u00e3o de eventos j\u00e1 planejados, portanto, mais uma vez este ano teremos que estar atentos a poss\u00edveis cancelamentos ou reescalonamentos.<\/p>\n<p>Estes s\u00e3o os eventos que n\u00e3o podemos em 2022:<\/p>\n<p class=\"title-2\"><strong>Colombiatex de las Americas &#8211; 25-27 de janeiro de 2022, Medell\u00edn, Col\u00f4mbia.<\/strong><\/p>\n<p><strong><img loading=\"lazy\" decoding=\"async\" src=\"https:\/\/www.escarre.com\/wp-content\/uploads\/Banner-Linkedin-Colombiatex-2022-copia_1.jpg\" alt=\"Colombiatex 2022\" width=\"686\" height=\"457\" data-entity-type=\"file\" data-entity-uuid=\"86cc824a-3cd6-4ac7-a266-aaa05ee293e1\" \/><\/strong><\/p>\n<p>Como em todos os anos, \u00e9 de costume inaugurar o calend\u00e1rio de eventos na Am\u00e9rica Latina com a Colombiatex. Este ano, para participar do evento, ser\u00e1 obrigat\u00f3ria a apresenta\u00e7\u00e3o do certificado de vacina\u00e7\u00e3o Covid-19. Nesta feira poderemos encontrar expositores do setor t\u00eaxtil onde as novas tecnologias aplicadas \u00e0 cria\u00e7\u00e3o de processos mais sustent\u00e1veis ser\u00e3o o fio condutor.<\/p>\n<p>Este ano, a EAS participar\u00e1 da feira. Voc\u00ea pode vir nos visitar e conhecer nossos novos desenvolvimentos em sustentabilidade aplicados aos processos de tingimento e acabamento. Voc\u00ea pode vir nos visitar e conhecer nossos novos desenvolvimentos em sustentabilidade aplicados aos processos de tingimento e acabamento. Voc\u00ea nos encontrar\u00e1 no Pavilh\u00e3o Vermelho, Stand 022. Voc\u00ea pode encontrar mais informa\u00e7\u00f5es sobre este evento no website: <a href=\"https:\/\/colombiatex.inexmoda.org.co\/\">https:\/\/colombiatex.inexmoda.org.co\/<\/a><\/p>\n<p class=\"title-2\"><strong>Simatex &#8211; 30 de maio a 2 de junho de 2022, Buenos Aires, Argentina.<\/strong><\/p>\n<p><strong><img loading=\"lazy\" decoding=\"async\" src=\"https:\/\/www.escarre.com\/wp-content\/uploads\/MSF2983_1.jpg\" alt=\"Simatex 2019\" width=\"778\" height=\"520\" data-entity-type=\"file\" data-entity-uuid=\"e436b2d3-b9ff-434b-a960-5977a30234dd\" \/><\/strong><\/p>\n<p>O Simatex \u00e9 outro evento importante realizado na Argentina que voc\u00ea n\u00e3o pode perder.<\/p>\n<p>Voc\u00ea poder\u00e1 encontrar todas as inova\u00e7\u00f5es tecnol\u00f3gicas oferecidas pelo setor industrial t\u00eaxtil espec\u00edficos para tecelagem, tinturaria e acabamento t\u00eaxtil no seguimento de m\u00e1quinas, processos e software.<\/p>\n<p>Este evento \u00e9 realizado simultaneamente com a Emitex, que re\u00fane anualmente fornecedores da ind\u00fastria t\u00eaxtil e de vestu\u00e1rio, e a Confemaq, um evento dedicado exclusivamente a m\u00e1quinas de vestu\u00e1rio. Voc\u00ea tamb\u00e9m poder\u00e1 nos visitar na Simatex, pois compartilharemos um stand com a MAPEKO, nossa representante na Argentina.<\/p>\n<p class=\"title-2\"><strong>Febratex &#8211; 23-26 de agosto de 2022, Blumenau &#8211; SC, Brasil.<\/strong><\/p>\n<p>Marque esta data no calend\u00e1rio, pois este \u00e9 o evento mais importante do ano, pois \u00e9 a maior feira comercial da Am\u00e9rica do Sul para a ind\u00fastria t\u00eaxtil e de vestu\u00e1rio. Nesta edi\u00e7\u00e3o, deve-se observar que n\u00e3o haver\u00e1 ponto de credenciamento f\u00edsico, ou seja, os visitantes devem solicitar seu credenciamento atrav\u00e9s do site da Febratex e traz\u00ea-lo impresso em papel A4 para entrar no evento.<\/p>\n<p><img loading=\"lazy\" decoding=\"async\" src=\"https:\/\/www.escarre.com\/wp-content\/uploads\/febratex-1920x900-1920x650_1.png\" alt=\"Febratex 2022\" width=\"976\" height=\"331\" data-entity-type=\"file\" data-entity-uuid=\"137f0535-d937-4f51-9bd7-60069a963842\" \/><\/p>\n<p>O processo de credenciamento on-line ser\u00e1 aberto em breve no site da Febratex por tempo limitado. A partir de 15 de agosto, a inscri\u00e7\u00e3o custar\u00e1 R$50,00 por visitante.<\/p>\n<p>Para a EAS, ser\u00e1 o maior evento do ano, pois teremos um estande de 70m2 com m\u00e1quinas em exposi\u00e7\u00e3o, juntamente com os novos produtos que estamos preparando. Fique de olho em nosso LinkedIn onde compartilharemos todas as novidades.<\/p>\n<p class=\"title-2\"><strong>ExpoTextil Peru &#8211; De 3 a 6 de novembro de 2022, Lima, Peru.<\/strong><\/p>\n<p>Depois que a pandemia for\u00e7ou esta feira a uma segunda edi\u00e7\u00e3o em formato digital onde participamos com grande sucesso, em 2022 ela retorna ao seu formato local e coincide com seu 15\u00ba anivers\u00e1rio. Uma feira organizada pela PlasticConcept que reunir\u00e1 fornecedores de todos os setores da ind\u00fastria t\u00eaxtil e de vestu\u00e1rio, principalmente do Peru e de outros pa\u00edses da Am\u00e9rica Latina.<\/p>\n<p><img decoding=\"async\" src=\"https:\/\/www.escarre.com\/wp-content\/uploads\/Expotextil-digital-peru_1.jpg\" alt=\"Expotextil 2022\" data-entity-type=\"file\" data-entity-uuid=\"e9aceff6-33ae-4511-914e-5d5b2cf3ad71\" \/><\/p>\n<hr \/>\n<h4>Outras datas importantes:<\/h4>\n<p class=\"title-2\"><strong>Heimtextil &#8211; \/\/REPROGRAMADA\/\/ De 21 a 24 de junho de 2022, Frankfurt, Alemanha.<\/strong><\/p>\n<p><strong><img decoding=\"async\" src=\"https:\/\/www.escarre.com\/wp-content\/uploads\/9081f59beb1a43798fbcc4a635b45556.6e7b65d0.png\" alt=\"Heimtextil 2022\" data-entity-type=\"file\" data-entity-uuid=\"7c10df51-9901-4e21-a4f5-998db32fc0cc\" \/><\/strong><\/p>\n<p>Foi uma das primeiras feiras t\u00eaxteis a ser realizada na Europa em 2022. Devido ao agravamento da situa\u00e7\u00e3o pand\u00eamica na Alemanha, a Messe Frankfurt decidiu remarcar o evento para ser realizado simultaneamente com a TechTextil\/TexProcess.<\/p>\n<p><a href=\"https:\/\/heimtextil.messefrankfurt.com\/frankfurt\/en\/press\/press-releases\/heimtextil\/summer-special-2022.html\">Aqui <\/a>voc\u00ea pode ler o comunicado \u00e0 imprensa.<\/p>\n<p class=\"title-2\"><strong>CAITME &#8211; 7-9 de setembro de 2022, Tashkent, Uzbequist\u00e3o.<\/strong><\/p>\n<p>Uma das feiras t\u00eaxteis mais importantes da \u00c1sia Central. Em 2021 realizou sua edi\u00e7\u00e3o presencial adaptada \u00e0s medidas da Covid e reuniu expositores e compradores com grande sucesso. Na EAS tivemos a sorte de participar como parte de um grupo de empresas espanholas que compartilham o estande da Amec-Amtex.<\/p>\n<p><img loading=\"lazy\" decoding=\"async\" src=\"https:\/\/www.escarre.com\/wp-content\/uploads\/CAITME_1.jpg\" alt=\"Caitme 2021 \" width=\"780\" height=\"482\" data-entity-type=\"file\" data-entity-uuid=\"c2653a6b-aa27-49bf-adf9-d131775082cb\" \/><\/p>\n<p class=\"title-2\"><strong>ITM &#8211; 14-18 de junho de 2022 Istambul, Turquia.<\/strong><\/p>\n<p>Uma feira que n\u00e3o p\u00f4de ser realizada em 2021 e foi adiada para este ano. Ela reunir\u00e1 mais de 1.200 empresas de manufatura t\u00eaxtil onde apresentar\u00e3o seus novos produtos. Um ponto geogr\u00e1fico chave como porta de entrada para os mercados asi\u00e1tico e europeu.<\/p>\n<p><img decoding=\"async\" src=\"https:\/\/www.escarre.com\/wp-content\/uploads\/ITM-2022-_0.jpg\" alt=\"ITM 2022\" data-entity-type=\"file\" data-entity-uuid=\"8316ab0c-3ff5-48a7-8678-8493638d5fac\" \/><\/p>\n<p class=\"title-2\"><strong>ITMA ASIA + CITME 2022 &#8211; 20-24 de novembro de 2022, Xangai, China.<\/strong><\/p>\n<p>A feira comercial mais importante do continente asi\u00e1tico que re\u00fane empresas do mercado chin\u00eas e que opera sob a marca da feira comercial mais importante do mundo. Um evento imprescind\u00edvel para se manter atualizado com as novidades e fechar oportunidades de neg\u00f3cios no mercado chin\u00eas.<\/p>\n<p><img decoding=\"async\" src=\"https:\/\/www.escarre.com\/wp-content\/uploads\/logo_1.png\" alt=\"ITMA ASIA 2022\" data-entity-type=\"file\" data-entity-uuid=\"27e82aa4-07d0-48d9-8a07-54d94991dedb\" \/><\/p>\n<p class=\"title-2\"><strong>INTEX Sul da \u00c1sia &#8211; V\u00e1rios locais<\/strong><\/p>\n<p>Esta feira \u00e9 um ponto-chave para o desenvolvimento de neg\u00f3cios no sul da \u00c1sia, nos mercados como Bangladesh(datas a serem determinadas), e na \u00cdndia em Nova Delhi no per\u00edodo de 8 a 10 de dezembro e no Sri Lanka em Colombo de 27 a 29 de julho.<\/p>\n<p><img decoding=\"async\" src=\"https:\/\/www.escarre.com\/wp-content\/uploads\/Intes-asia_1.jpg\" alt=\"INTEX South Asia 2022\" data-entity-type=\"file\" data-entity-uuid=\"84b6b726-3581-4294-8958-66a91f8a0d54\" \/><\/p>\n<p class=\"title-2\"><strong>EGY Stitch &amp; Tex 2022 &#8211; A ser confirmado, Cairo, Egito<\/strong><\/p>\n<p>Uma das feiras estrat\u00e9gicas para o mercado t\u00eaxtil africano. Um ponto de encontro onde vamos ao estande de nosso representante Nobeltex para expor nossas solu\u00e7\u00f5es.<\/p>\n<hr \/>\n<p>At\u00e9 o momento, esta \u00e9 a agenda das feiras t\u00eaxteis mais relevantes para 2022. Como no ano passado, estaremos de olho na evolu\u00e7\u00e3o dos eventos e o manteremos informado sobre as mudan\u00e7as e novidades neste post e em nosso feed do <a href=\"https:\/\/www.linkedin.com\/company\/18722017\/admin\/\">LinkedIn<\/a>. Fique atento!<\/p>\n","protected":false},"excerpt":{"rendered":"<p>Depois da tempestade da pandemia e de um 2021 sem uma exata defini\u00e7\u00e3o entre feiras comerciais virtuais e presenciais, os grandes eventos est\u00e3o de volta e n\u00f3s repassamos a agenda das feiras t\u00eaxteis para 2022.<\/p>\n","protected":false},"author":1,"featured_media":2824,"comment_status":"open","ping_status":"open","sticky":false,"template":"","format":"standard","meta":{"_acf_changed":false,"footnotes":""},"categories":[93],"tags":[],"class_list":["post-2792","post","type-post","status-publish","format-standard","has-post-thumbnail","hentry","category-noticias-pt-pt"],"acf":[],"yoast_head":"<!-- This site is optimized with the Yoast SEO plugin v26.7 - https:\/\/yoast.com\/wordpress\/plugins\/seo\/ -->\n<title>As feiras t\u00eaxteis presenciais voltam em 2022 - Escarre<\/title>\n<meta name=\"description\" content=\"Depois da tempestade da pandemia e de um 2021 sem uma exata defini\u00e7\u00e3o entre feiras comerciais virtuais e presenciais, os grandes eventos est\u00e3o de volta e n\u00f3s repassamos a agenda das feiras t\u00eaxteis para 2022.\" \/>\n<meta name=\"robots\" content=\"index, follow, max-snippet:-1, max-image-preview:large, max-video-preview:-1\" \/>\n<link rel=\"canonical\" href=\"https:\/\/www.escarre.com\/pt-pt\/noticia\/as-feiras-texteis-presenciais-voltam-em-2022\/\" \/>\n<meta property=\"og:locale\" content=\"pt_PT\" \/>\n<meta property=\"og:type\" content=\"article\" \/>\n<meta property=\"og:title\" content=\"As feiras t\u00eaxteis presenciais voltam em 2022 - Escarre\" \/>\n<meta property=\"og:description\" content=\"Depois da tempestade da pandemia e de um 2021 sem uma exata defini\u00e7\u00e3o entre feiras comerciais virtuais e presenciais, os grandes eventos est\u00e3o de volta e n\u00f3s repassamos a agenda das feiras t\u00eaxteis para 2022.\" \/>\n<meta property=\"og:url\" content=\"https:\/\/www.escarre.com\/pt-pt\/noticia\/as-feiras-texteis-presenciais-voltam-em-2022\/\" \/>\n<meta property=\"og:site_name\" content=\"Escarre\" \/>\n<meta property=\"article:published_time\" content=\"2022-01-14T00:00:00+00:00\" \/>\n<meta property=\"article:modified_time\" content=\"2023-06-20T09:58:41+00:00\" \/>\n<meta property=\"og:image\" content=\"https:\/\/www.escarre.com\/wp-content\/uploads\/IMG_1983_1.jpg\" \/>\n\t<meta property=\"og:image:width\" content=\"2560\" \/>\n\t<meta property=\"og:image:height\" content=\"1707\" \/>\n\t<meta property=\"og:image:type\" content=\"image\/jpeg\" \/>\n<meta name=\"author\" content=\"emfasi\" \/>\n<meta name=\"twitter:card\" content=\"summary_large_image\" \/>\n<meta name=\"twitter:label1\" content=\"Escrito por\" \/>\n\t<meta name=\"twitter:data1\" content=\"emfasi\" \/>\n<script type=\"application\/ld+json\" class=\"yoast-schema-graph\">{\"@context\":\"https:\/\/schema.org\",\"@graph\":[{\"@type\":\"Article\",\"@id\":\"https:\/\/www.escarre.com\/pt-pt\/noticia\/as-feiras-texteis-presenciais-voltam-em-2022\/#article\",\"isPartOf\":{\"@id\":\"https:\/\/www.escarre.com\/pt-pt\/noticia\/as-feiras-texteis-presenciais-voltam-em-2022\/\"},\"author\":{\"name\":\"emfasi\",\"@id\":\"https:\/\/www.escarre.com\/pt-pt\/#\/schema\/person\/a5731615a80c3428785daf6feea6dfd1\"},\"headline\":\"As feiras t\u00eaxteis presenciais voltam em 2022\",\"datePublished\":\"2022-01-14T00:00:00+00:00\",\"dateModified\":\"2023-06-20T09:58:41+00:00\",\"mainEntityOfPage\":{\"@id\":\"https:\/\/www.escarre.com\/pt-pt\/noticia\/as-feiras-texteis-presenciais-voltam-em-2022\/\"},\"wordCount\":1101,\"commentCount\":0,\"publisher\":{\"@id\":\"https:\/\/www.escarre.com\/pt-pt\/#organization\"},\"image\":{\"@id\":\"https:\/\/www.escarre.com\/pt-pt\/noticia\/as-feiras-texteis-presenciais-voltam-em-2022\/#primaryimage\"},\"thumbnailUrl\":\"https:\/\/www.escarre.com\/wp-content\/uploads\/IMG_1983_1.jpg\",\"articleSection\":[\"Not\u00edcias\"],\"inLanguage\":\"pt-PT\",\"potentialAction\":[{\"@type\":\"CommentAction\",\"name\":\"Comment\",\"target\":[\"https:\/\/www.escarre.com\/pt-pt\/noticia\/as-feiras-texteis-presenciais-voltam-em-2022\/#respond\"]}]},{\"@type\":\"WebPage\",\"@id\":\"https:\/\/www.escarre.com\/pt-pt\/noticia\/as-feiras-texteis-presenciais-voltam-em-2022\/\",\"url\":\"https:\/\/www.escarre.com\/pt-pt\/noticia\/as-feiras-texteis-presenciais-voltam-em-2022\/\",\"name\":\"As feiras t\u00eaxteis presenciais voltam em 2022 - Escarre\",\"isPartOf\":{\"@id\":\"https:\/\/www.escarre.com\/pt-pt\/#website\"},\"primaryImageOfPage\":{\"@id\":\"https:\/\/www.escarre.com\/pt-pt\/noticia\/as-feiras-texteis-presenciais-voltam-em-2022\/#primaryimage\"},\"image\":{\"@id\":\"https:\/\/www.escarre.com\/pt-pt\/noticia\/as-feiras-texteis-presenciais-voltam-em-2022\/#primaryimage\"},\"thumbnailUrl\":\"https:\/\/www.escarre.com\/wp-content\/uploads\/IMG_1983_1.jpg\",\"datePublished\":\"2022-01-14T00:00:00+00:00\",\"dateModified\":\"2023-06-20T09:58:41+00:00\",\"description\":\"Depois da tempestade da pandemia e de um 2021 sem uma exata defini\u00e7\u00e3o entre feiras comerciais virtuais e presenciais, os grandes eventos est\u00e3o de volta e n\u00f3s repassamos a agenda das feiras t\u00eaxteis para 2022.\",\"breadcrumb\":{\"@id\":\"https:\/\/www.escarre.com\/pt-pt\/noticia\/as-feiras-texteis-presenciais-voltam-em-2022\/#breadcrumb\"},\"inLanguage\":\"pt-PT\",\"potentialAction\":[{\"@type\":\"ReadAction\",\"target\":[\"https:\/\/www.escarre.com\/pt-pt\/noticia\/as-feiras-texteis-presenciais-voltam-em-2022\/\"]}]},{\"@type\":\"ImageObject\",\"inLanguage\":\"pt-PT\",\"@id\":\"https:\/\/www.escarre.com\/pt-pt\/noticia\/as-feiras-texteis-presenciais-voltam-em-2022\/#primaryimage\",\"url\":\"https:\/\/www.escarre.com\/wp-content\/uploads\/IMG_1983_1.jpg\",\"contentUrl\":\"https:\/\/www.escarre.com\/wp-content\/uploads\/IMG_1983_1.jpg\",\"width\":2560,\"height\":1707},{\"@type\":\"BreadcrumbList\",\"@id\":\"https:\/\/www.escarre.com\/pt-pt\/noticia\/as-feiras-texteis-presenciais-voltam-em-2022\/#breadcrumb\",\"itemListElement\":[{\"@type\":\"ListItem\",\"position\":1,\"name\":\"Portada\",\"item\":\"https:\/\/www.escarre.com\/pt-pt\/\"},{\"@type\":\"ListItem\",\"position\":2,\"name\":\"As feiras t\u00eaxteis presenciais voltam em 2022\"}]},{\"@type\":\"WebSite\",\"@id\":\"https:\/\/www.escarre.com\/pt-pt\/#website\",\"url\":\"https:\/\/www.escarre.com\/pt-pt\/\",\"name\":\"Escarre\",\"description\":\"\",\"publisher\":{\"@id\":\"https:\/\/www.escarre.com\/pt-pt\/#organization\"},\"potentialAction\":[{\"@type\":\"SearchAction\",\"target\":{\"@type\":\"EntryPoint\",\"urlTemplate\":\"https:\/\/www.escarre.com\/pt-pt\/?s={search_term_string}\"},\"query-input\":{\"@type\":\"PropertyValueSpecification\",\"valueRequired\":true,\"valueName\":\"search_term_string\"}}],\"inLanguage\":\"pt-PT\"},{\"@type\":\"Organization\",\"@id\":\"https:\/\/www.escarre.com\/pt-pt\/#organization\",\"name\":\"Escarre\",\"url\":\"https:\/\/www.escarre.com\/pt-pt\/\",\"logo\":{\"@type\":\"ImageObject\",\"inLanguage\":\"pt-PT\",\"@id\":\"https:\/\/www.escarre.com\/pt-pt\/#\/schema\/logo\/image\/\",\"url\":\"https:\/\/www.escarre.com\/wp-content\/uploads\/logo-eas-1.png\",\"contentUrl\":\"https:\/\/www.escarre.com\/wp-content\/uploads\/logo-eas-1.png\",\"width\":700,\"height\":125,\"caption\":\"Escarre\"},\"image\":{\"@id\":\"https:\/\/www.escarre.com\/pt-pt\/#\/schema\/logo\/image\/\"}},{\"@type\":\"Person\",\"@id\":\"https:\/\/www.escarre.com\/pt-pt\/#\/schema\/person\/a5731615a80c3428785daf6feea6dfd1\",\"name\":\"emfasi\",\"sameAs\":[\"https:\/\/www.escarre.com\"],\"url\":\"https:\/\/www.escarre.com\/pt-pt\/noticias\/author\/emfasi\/\"}]}<\/script>\n<!-- \/ Yoast SEO plugin. -->","yoast_head_json":{"title":"As feiras t\u00eaxteis presenciais voltam em 2022 - Escarre","description":"Depois da tempestade da pandemia e de um 2021 sem uma exata defini\u00e7\u00e3o entre feiras comerciais virtuais e presenciais, os grandes eventos est\u00e3o de volta e n\u00f3s repassamos a agenda das feiras t\u00eaxteis para 2022.","robots":{"index":"index","follow":"follow","max-snippet":"max-snippet:-1","max-image-preview":"max-image-preview:large","max-video-preview":"max-video-preview:-1"},"canonical":"https:\/\/www.escarre.com\/pt-pt\/noticia\/as-feiras-texteis-presenciais-voltam-em-2022\/","og_locale":"pt_PT","og_type":"article","og_title":"As feiras t\u00eaxteis presenciais voltam em 2022 - Escarre","og_description":"Depois da tempestade da pandemia e de um 2021 sem uma exata defini\u00e7\u00e3o entre feiras comerciais virtuais e presenciais, os grandes eventos est\u00e3o de volta e n\u00f3s repassamos a agenda das feiras t\u00eaxteis para 2022.","og_url":"https:\/\/www.escarre.com\/pt-pt\/noticia\/as-feiras-texteis-presenciais-voltam-em-2022\/","og_site_name":"Escarre","article_published_time":"2022-01-14T00:00:00+00:00","article_modified_time":"2023-06-20T09:58:41+00:00","og_image":[{"width":2560,"height":1707,"url":"https:\/\/www.escarre.com\/wp-content\/uploads\/IMG_1983_1.jpg","type":"image\/jpeg"}],"author":"emfasi","twitter_card":"summary_large_image","twitter_misc":{"Escrito por":"emfasi"},"schema":{"@context":"https:\/\/schema.org","@graph":[{"@type":"Article","@id":"https:\/\/www.escarre.com\/pt-pt\/noticia\/as-feiras-texteis-presenciais-voltam-em-2022\/#article","isPartOf":{"@id":"https:\/\/www.escarre.com\/pt-pt\/noticia\/as-feiras-texteis-presenciais-voltam-em-2022\/"},"author":{"name":"emfasi","@id":"https:\/\/www.escarre.com\/pt-pt\/#\/schema\/person\/a5731615a80c3428785daf6feea6dfd1"},"headline":"As feiras t\u00eaxteis presenciais voltam em 2022","datePublished":"2022-01-14T00:00:00+00:00","dateModified":"2023-06-20T09:58:41+00:00","mainEntityOfPage":{"@id":"https:\/\/www.escarre.com\/pt-pt\/noticia\/as-feiras-texteis-presenciais-voltam-em-2022\/"},"wordCount":1101,"commentCount":0,"publisher":{"@id":"https:\/\/www.escarre.com\/pt-pt\/#organization"},"image":{"@id":"https:\/\/www.escarre.com\/pt-pt\/noticia\/as-feiras-texteis-presenciais-voltam-em-2022\/#primaryimage"},"thumbnailUrl":"https:\/\/www.escarre.com\/wp-content\/uploads\/IMG_1983_1.jpg","articleSection":["Not\u00edcias"],"inLanguage":"pt-PT","potentialAction":[{"@type":"CommentAction","name":"Comment","target":["https:\/\/www.escarre.com\/pt-pt\/noticia\/as-feiras-texteis-presenciais-voltam-em-2022\/#respond"]}]},{"@type":"WebPage","@id":"https:\/\/www.escarre.com\/pt-pt\/noticia\/as-feiras-texteis-presenciais-voltam-em-2022\/","url":"https:\/\/www.escarre.com\/pt-pt\/noticia\/as-feiras-texteis-presenciais-voltam-em-2022\/","name":"As feiras t\u00eaxteis presenciais voltam em 2022 - Escarre","isPartOf":{"@id":"https:\/\/www.escarre.com\/pt-pt\/#website"},"primaryImageOfPage":{"@id":"https:\/\/www.escarre.com\/pt-pt\/noticia\/as-feiras-texteis-presenciais-voltam-em-2022\/#primaryimage"},"image":{"@id":"https:\/\/www.escarre.com\/pt-pt\/noticia\/as-feiras-texteis-presenciais-voltam-em-2022\/#primaryimage"},"thumbnailUrl":"https:\/\/www.escarre.com\/wp-content\/uploads\/IMG_1983_1.jpg","datePublished":"2022-01-14T00:00:00+00:00","dateModified":"2023-06-20T09:58:41+00:00","description":"Depois da tempestade da pandemia e de um 2021 sem uma exata defini\u00e7\u00e3o entre feiras comerciais virtuais e presenciais, os grandes eventos est\u00e3o de volta e n\u00f3s repassamos a agenda das feiras t\u00eaxteis para 2022.","breadcrumb":{"@id":"https:\/\/www.escarre.com\/pt-pt\/noticia\/as-feiras-texteis-presenciais-voltam-em-2022\/#breadcrumb"},"inLanguage":"pt-PT","potentialAction":[{"@type":"ReadAction","target":["https:\/\/www.escarre.com\/pt-pt\/noticia\/as-feiras-texteis-presenciais-voltam-em-2022\/"]}]},{"@type":"ImageObject","inLanguage":"pt-PT","@id":"https:\/\/www.escarre.com\/pt-pt\/noticia\/as-feiras-texteis-presenciais-voltam-em-2022\/#primaryimage","url":"https:\/\/www.escarre.com\/wp-content\/uploads\/IMG_1983_1.jpg","contentUrl":"https:\/\/www.escarre.com\/wp-content\/uploads\/IMG_1983_1.jpg","width":2560,"height":1707},{"@type":"BreadcrumbList","@id":"https:\/\/www.escarre.com\/pt-pt\/noticia\/as-feiras-texteis-presenciais-voltam-em-2022\/#breadcrumb","itemListElement":[{"@type":"ListItem","position":1,"name":"Portada","item":"https:\/\/www.escarre.com\/pt-pt\/"},{"@type":"ListItem","position":2,"name":"As feiras t\u00eaxteis presenciais voltam em 2022"}]},{"@type":"WebSite","@id":"https:\/\/www.escarre.com\/pt-pt\/#website","url":"https:\/\/www.escarre.com\/pt-pt\/","name":"Escarre","description":"","publisher":{"@id":"https:\/\/www.escarre.com\/pt-pt\/#organization"},"potentialAction":[{"@type":"SearchAction","target":{"@type":"EntryPoint","urlTemplate":"https:\/\/www.escarre.com\/pt-pt\/?s={search_term_string}"},"query-input":{"@type":"PropertyValueSpecification","valueRequired":true,"valueName":"search_term_string"}}],"inLanguage":"pt-PT"},{"@type":"Organization","@id":"https:\/\/www.escarre.com\/pt-pt\/#organization","name":"Escarre","url":"https:\/\/www.escarre.com\/pt-pt\/","logo":{"@type":"ImageObject","inLanguage":"pt-PT","@id":"https:\/\/www.escarre.com\/pt-pt\/#\/schema\/logo\/image\/","url":"https:\/\/www.escarre.com\/wp-content\/uploads\/logo-eas-1.png","contentUrl":"https:\/\/www.escarre.com\/wp-content\/uploads\/logo-eas-1.png","width":700,"height":125,"caption":"Escarre"},"image":{"@id":"https:\/\/www.escarre.com\/pt-pt\/#\/schema\/logo\/image\/"}},{"@type":"Person","@id":"https:\/\/www.escarre.com\/pt-pt\/#\/schema\/person\/a5731615a80c3428785daf6feea6dfd1","name":"emfasi","sameAs":["https:\/\/www.escarre.com"],"url":"https:\/\/www.escarre.com\/pt-pt\/noticias\/author\/emfasi\/"}]}},"_links":{"self":[{"href":"https:\/\/www.escarre.com\/pt-pt\/wp-json\/wp\/v2\/posts\/2792","targetHints":{"allow":["GET"]}}],"collection":[{"href":"https:\/\/www.escarre.com\/pt-pt\/wp-json\/wp\/v2\/posts"}],"about":[{"href":"https:\/\/www.escarre.com\/pt-pt\/wp-json\/wp\/v2\/types\/post"}],"author":[{"embeddable":true,"href":"https:\/\/www.escarre.com\/pt-pt\/wp-json\/wp\/v2\/users\/1"}],"replies":[{"embeddable":true,"href":"https:\/\/www.escarre.com\/pt-pt\/wp-json\/wp\/v2\/comments?post=2792"}],"version-history":[{"count":0,"href":"https:\/\/www.escarre.com\/pt-pt\/wp-json\/wp\/v2\/posts\/2792\/revisions"}],"wp:featuredmedia":[{"embeddable":true,"href":"https:\/\/www.escarre.com\/pt-pt\/wp-json\/wp\/v2\/media\/2824"}],"wp:attachment":[{"href":"https:\/\/www.escarre.com\/pt-pt\/wp-json\/wp\/v2\/media?parent=2792"}],"wp:term":[{"taxonomy":"category","embeddable":true,"href":"https:\/\/www.escarre.com\/pt-pt\/wp-json\/wp\/v2\/categories?post=2792"},{"taxonomy":"post_tag","embeddable":true,"href":"https:\/\/www.escarre.com\/pt-pt\/wp-json\/wp\/v2\/tags?post=2792"}],"curies":[{"name":"wp","href":"https:\/\/api.w.org\/{rel}","templated":true}]}}