{"id":2960,"date":"2020-12-04T00:00:00","date_gmt":"2020-12-04T00:00:00","guid":{"rendered":"https:\/\/www.escarre.com\/as-feiras-de-maquinas-texteis-adiadas-para-2021-2022\/"},"modified":"2023-06-20T09:43:33","modified_gmt":"2023-06-20T09:43:33","slug":"as-feiras-de-maquinas-texteis-adiadas-para-2021-2022","status":"publish","type":"post","link":"https:\/\/www.escarre.com\/pt-pt\/noticia\/as-feiras-de-maquinas-texteis-adiadas-para-2021-2022\/","title":{"rendered":"As feiras de m\u00e1quinas t\u00eaxteis adiadas para 2021-2022"},"content":{"rendered":"<div>\n<p>O Covid-19 tem atrapalhado todos os eventos de grande p\u00fablico. Entre muitos dos eventos afetados est\u00e3o as feiras de m\u00e1quinas t\u00eaxteis.<\/p>\n<p>Desde o m\u00eas de mar\u00e7o, momento em que a pandemia se agravou, muitos dos eventos na ind\u00fastria t\u00eaxtil come\u00e7aram a postergar suas datas, e programaram para 2021 j\u00e1 na perspectivas do que estava por vir.<\/p>\n<p>As feiras t\u00eam um grande impacto na economia das cidades anfitri\u00e3s, s\u00e3o muitos os investimentos, al\u00e9m do benef\u00edcio para os desenvolvedores de solu\u00e7\u00f5es t\u00eaxteis, que t\u00eam a oportunidade de mostrar seus produtos aos clientes de forma mais direta, al\u00e9m de criar a oportunidades e fechar neg\u00f3cios.<\/p>\n<h2>\n<!--break--><\/h2>\n<\/div>\n<h2>Feiras T\u00eaxteis: do f\u00edsico ao digital<\/h2>\n<p>Uma coisa que esta situa\u00e7\u00e3o nos ensinou, e que continua at\u00e9 hoje, \u00e9 que, como disse Darwin: N\u00e3o s\u00e3o os mais fortes que sobrevivem, mas aqueles que se adaptam melhor.<\/p>\n<p>E isto \u00e9 exatamente o que muitas das feiras do setor fizeram, utilizando da criatividade e tecnologia, criaram feiras virtuais onde voc\u00ea pode conhecer as empresas expositoras, participar de videoconfer\u00eancias setoriais ou agendar uma visita.<\/p>\n<p>Um exemplo claro \u00e9 a Feira Virtual Innovate Textile &amp; Apparel, que optou por um formato mais extenso do que uma feira convencional. Ela projetou estandes que podem ser personalizados com a marca de cada cliente, marcando pontos de informa\u00e7\u00e3o onde voc\u00ea pode consultar o cat\u00e1logo de produtos, assistir a v\u00eddeos ou agendar reuni\u00f5es.<\/p>\n<p class=\"text-align-center\"><img loading=\"lazy\" decoding=\"async\" alt=\"Exemplo do estade da Amex-Amtex onde EAS est\u00e1 participando da Feira Virtual Innovate Texile &amp; Apparel. \" data-entity-type=\"file\" data-entity-uuid=\"f71a8637-2627-4228-a449-77c7d8858986\" height=\"347\" src=\"https:\/\/www.escarre.com\/wp-content\/uploads\/Amec-Amtex-feira-virtual-Innovate-Textile-Apparel-2020.png\" width=\"667\"><\/p>\n<p class=\"rtecenter text-align-center\"><em>Exemplo do estande da Amec-Amtex onde a EAS est\u00e1 participando da Feira Virtual Innovate Textile &amp; Apparel.<\/em><\/p>\n<p>No entanto, muitos eventos n\u00e3o desejaram abrir m\u00e3o do formato tradicional presencial. \u00c9 por isso que seus organizadores adiaram para 2021, acreditando-se que a pandemia estar\u00e1 mais controlada, e mais perto do desenvolvimento de uma vacina eficaz.<\/p>\n<p>Embora a situa\u00e7\u00e3o ainda seja um pouco incerta, os organizadores das datas principais est\u00e3o mantendo seus compromissos.<\/p>\n<p>Esperamos ansiosamente as feiras programadas para 2021 e 2022!<\/p>\n<h2>Feiras de m\u00e1quinas t\u00eaxteis 2021-2022<\/h2>\n<h3>Colombiatex das Am\u00e9ricas<\/h3>\n<p><em>Medell\u00edn, Col\u00f4mbia, de 27 <\/em>\u00e0 29 de Julho.<\/p>\n<p>A <a href=\"http:\/\/www.saladeprensainexmoda.com\/colombiatex-de-las-americas-2021-abraza-la-omnicanalidad-para-promover-la-reactivacion-economica-del-sistema-moda\/\" target=\"_blank\" rel=\"noopener\">Colombiatex das Am\u00e9ricas<\/a> foi uma das poucas feiras que pode ser realizada neste ano de 2020, pois \u00e9 sempre organizada durante o m\u00eas de janeiro. Para este 2021 eles mant\u00eam seu compromisso com a feira presencial, mas est\u00e3o abertos \u00e0 omnicanal.<\/p>\n<p>Apesar de ter preparado medidas sanit\u00e1rias extraordin\u00e1rias para garantir a celebra\u00e7\u00e3o do evento, a Inexmoda anunciou atrav\u00e9s de um <a href=\"http:\/\/www.saladeprensainexmoda.com\/priorizando-la-salud-y-el-bienestar-comun-colombiatex-de-las-americas-2021-aplaza-la-feria-fisica-y-confirma-su-realizacion-en-formato-digital\/\">comunicado de imprensa<\/a> uma declara\u00e7\u00e3o para adiar o evento f\u00edsico devido aos \u00faltimos avan\u00e7os da pandemia mundial &#8220;priorizando a sa\u00fade e o bem-estar comum&#8221;. No entanto, a exposi\u00e7\u00e3o manter\u00e1 o formato online.<\/p>\n<p>Como anunciamos em nosso blog, o evento foi um dos mais suscet\u00edveis de ser alterado, dadas as datas programadas, embora a Inexmoda fosse firme em sua organiza\u00e7\u00e3o, conforme expresso em um <a href=\"https:\/\/colombiatex.inexmoda.org.co\/manifiesto\/\">s\u00f3lido manifesto<\/a>.<\/p>\n<p class=\"text-align-center\"><img loading=\"lazy\" decoding=\"async\" alt=\"An\u00fancio de medidas extraordin\u00e1rias de seguran\u00e7a que est\u00e3o sendo preparadas pelos organizadores da Colombiatex 2021.\" data-entity-type=\"file\" data-entity-uuid=\"0cedb0fb-8dc2-404a-a5a0-00174cb1516b\" height=\"469\" src=\"https:\/\/www.escarre.com\/wp-content\/uploads\/Colombiatex-do-manifiesto.png\" width=\"703\"><\/p>\n<p class=\"rtecenter text-align-center\"><em>An\u00fancio das medidas extraordin\u00e1rias de seguran\u00e7a que est\u00e3o sendo preparadas pelos organizadores da Colombiatex 2021 <\/em><\/p>\n<p>O evento que acontece anualmente em janeiro, ganhar\u00e1 uma edi\u00e7\u00e3o especial em julho, junto com a Colombiamoda. A Colombiatex est\u00e1 finalizando todos os detalhes e em breve nos fornecer\u00e1 mais informa\u00e7\u00f5es, conforme anunciado em <a href=\"https:\/\/colombiatex.inexmoda.org.co\/\">seu site<\/a>.<\/p>\n<h3>Febratex<\/h3>\n<p><em>Blumenau, Brasil 10-13 de agosto de 2021.<\/em><\/p>\n<p><span style=\"font-size:11pt\"><span style=\"line-height:normal\"><span style=\"font-family:Calibri,sans-serif\"><span lang=\"EN-US\" style=\"font-size:15.0pt\" xml_lang=\"EN-US\"><span style=\"font-family:&quot;Arial&quot;,sans-serif\"><span style=\"color:#5f5f5f\">Depois do agendamento para abril de 2021, os organizadores da <a href=\"https:\/\/febratex.com.br\/\">Febratex <\/a>emitiram um comunicado com a decis\u00e3o de reprogramar a 17\u00aa edi\u00e7\u00e3o da feira t\u00eaxtil mais importante da Am\u00e9rica Latina no Brasil. <\/span><\/span><\/span><\/span><\/span><\/span><\/p>\n<p><span style=\"font-size:11pt\"><span style=\"line-height:normal\"><span style=\"font-family:Calibri,sans-serif\"> <\/span><\/span><\/span><span style=\"font-size:11pt\"><span style=\"line-height:normal\"><span style=\"font-family:Calibri,sans-serif\"><span lang=\"PT-BR\" style=\"font-size:15.0pt\" xml_lang=\"PT-BR\"><span style=\"font-family:&quot;Arial&quot;,sans-serif\"><span style=\"color:#5f5f5f\">A Febratex altera sua data e ser\u00e1 realizada de 10 a 13 de agosto de 2021.<\/span><\/span><\/span><\/span><\/span><\/span><\/p>\n<p><span style=\"font-size:11pt\"><span style=\"line-height:normal\"><span style=\"font-family:Calibri,sans-serif\"> <\/span><\/span><\/span><span style=\"font-size:11pt\"><span style=\"line-height:normal\"><span style=\"font-family:Calibri,sans-serif\"><span lang=\"PT-BR\" style=\"font-size:15.0pt\" xml_lang=\"PT-BR\"><span style=\"font-family:&quot;Arial&quot;,sans-serif\"><span style=\"color:#5f5f5f\">O Grupo Febratex est\u00e1 confiante que o cen\u00e1rio da pandemia do Covid-19 ser\u00e1 mais favor\u00e1vel com o avan\u00e7o do processo de vacina\u00e7\u00e3o no mundo, o que permitiria a realiza\u00e7\u00e3o de um evento seguro para todos os participantes. <\/span><\/span><\/span><\/span><\/span><\/span><\/p>\n<p><span style=\"font-size:11pt\"><span style=\"line-height:normal\"><span style=\"font-family:Calibri,sans-serif\"><span lang=\"PT-BR\" style=\"font-size:15.0pt\" xml_lang=\"PT-BR\"><span style=\"font-family:&quot;Arial&quot;,sans-serif\"><span style=\"color:#5f5f5f\">Enquanto as datas se aproximam, eles continuar\u00e3o a aproveitar ferramentas digitais como o Marketplace, onde as empresas participantes podem apresentar seus produtos.<\/span><\/span><\/span><\/span><\/span><\/span><\/p>\n<p><span lang=\"PT-BR\" style=\"font-size:15.0pt\" xml_lang=\"PT-BR\"><span style=\"line-height:107%\"><span style=\"font-family:&quot;Arial&quot;,sans-serif\"><span style=\"color:#5f5f5f\"><a href=\"https:\/\/app.rdstation.email\/mail\/d220c2f9-62f4-4b99-8edf-836f2941defe?\">Aqui <\/a>voc\u00ea pode ler o comunicado de imprensa completo <\/span><\/span><\/span><\/span><\/p>\n<p class=\"text-align-center\"><img loading=\"lazy\" decoding=\"async\" alt=\"Febratex Group Marketplace. \" data-entity-type=\"file\" data-entity-uuid=\"c3254119-78c2-4b30-a7c8-1f506622e8cc\" height=\"414\" src=\"https:\/\/www.escarre.com\/wp-content\/uploads\/Febratex-Marketplace-1.jpg\" width=\"621\"><\/p>\n<p class=\"text-align-center\">Febratex Group Marketplace.<\/p>\n<h3><a href=\"https:\/\/industriatextilexpo.ar.messefrankfurt.com\/buenosaires\/en.html\" target=\"_blank\" rel=\"noopener\">Simatex<\/a><\/h3>\n<p><em>Buenos Aires, Argentina, 31 de maio a 2 de junho de 2022.<\/em><\/p>\n<p>Coincidindo com a Febratex, a Simatex tamb\u00e9m ser\u00e1 realizada em Buenos Aires, na Argentina.<\/p>\n<p>O evento \u00e9 organizado pela MundoTextil e Messe Frankfurt, que confirmou as datas e o local do evento: o centro Costa Salguero em Buenos Aires.<\/p>\n<h3><a href=\"https:\/\/heimtextil.messefrankfurt.com\/frankfurt\/en.html\" target=\"_blank\" rel=\"noopener\">Heimtextil<\/a><\/h3>\n<p><em>Frankfurt, Alemanha, 11 &#8211; 14 de janeiro de 2022. <\/em><\/p>\n<p>A feira alem\u00e3 caracterizada pe\u00e7a excel\u00eancia para t\u00eaxteis dom\u00e9sticos adiou de maio a janeiro de 2022. Esta foi outra das feiras que pode ser organizada em 2020 e que teve muito sucesso.<\/p>\n<p>A Messe Frankfurt confirma que eles est\u00e3o trabalhando para realizar um evento seguro e bem-sucedido, embora muito conscientes das restri\u00e7\u00f5es de viajar ao redor do mundo. Todavia afirmam em um comunicado \u00e0 imprensa, que mudaram o evento para maio, pois confiam que a situa\u00e7\u00e3o estar\u00e1 mais tranquila.<\/p>\n<h3><a href=\"https:\/\/www.itmexhibition.com\/itm2021\/home\/\" target=\"_blank\" rel=\"noopener\">ITM 2021<\/a><\/h3>\n<p><em>Istambul, Turquia 22-26 de junho de 2021.<\/em><\/p>\n<p>Os organizadores da feira de m\u00e1quinas t\u00eaxteis turcas estiveram entre os primeiros a adiar o evento de 2020 e a mud\u00e1-lo diretamente para 2021.<\/p>\n<p>Ser\u00e1 realizada ao lado da Hightex, a feira de n\u00e3o-tecidos e t\u00eaxteis t\u00e9cnicos, em um evento duplo para que os visitantes possam otimizar seu tempo e participar de ambos os eventos.<\/p>\n<h3><a href=\"http:\/\/www.itmaasia.com\/\" target=\"_blank\" rel=\"noopener\">ITMA ASIA + CETIME<\/a><\/h3>\n<p><em>Xangai, China, 12-16 de junho de 2021.<\/em><\/p>\n<p>A feira que estava prevista para outubro de 2020, foi outra das primeiras feiras que em abril anunciou seu cancelamento em 2020 e uma mudan\u00e7a de datas para 2021.<\/p>\n<p>A ITMA \u00c1sia est\u00e1 otimista porque, apesar da situa\u00e7\u00e3o ser um pouco preocupante, quase todo o espa\u00e7o foi reservado no centro NECC, onde ser\u00e1 realizado o evento.<\/p>\n<p>Os organizadores dizem que est\u00e3o tomando medidas de seguran\u00e7a, tentando encontrar espa\u00e7o adicional, bem como colocando os \u00faltimos participantes inscritos em listas de espera.<\/p>\n<p>A temporada 2021 foi programada. A pergunta \u00e9: esses eventos sofrer\u00e3o novos cancelamentos e devemos nos preparar para uma programa\u00e7\u00e3o de 2022? Estas s\u00e3o quest\u00f5es n\u00e3o resolvidas que conheceremos \u00e0 medida que a pandemia progredir. Por enquanto, devemos seguir com cuidado e nos vemos novamente mais tarde.<\/p>\n","protected":false},"excerpt":{"rendered":"<p>O Covid-19 tem atrapalhado todos os eventos de grande p\u00fablico. Entre muitos dos eventos afetados est\u00e3o as feiras de m\u00e1quinas t\u00eaxteis. Desde o m\u00eas de mar\u00e7o, momento em que a &hellip;<\/p>\n","protected":false},"author":1,"featured_media":2254,"comment_status":"open","ping_status":"open","sticky":false,"template":"","format":"standard","meta":{"_acf_changed":false,"footnotes":""},"categories":[93],"tags":[],"class_list":["post-2960","post","type-post","status-publish","format-standard","has-post-thumbnail","hentry","category-noticias-pt-pt"],"acf":[],"yoast_head":"<!-- This site is optimized with the Yoast SEO plugin v26.7 - https:\/\/yoast.com\/wordpress\/plugins\/seo\/ -->\n<title>As feiras de m\u00e1quinas t\u00eaxteis adiadas para 2021-2022 - Escarre<\/title>\n<meta name=\"description\" content=\"O Covid-19 tem atrapalhado todos os eventos de grande p\u00fablico. Entre muitos dos eventos afetados est\u00e3o as feiras de m\u00e1quinas t\u00eaxteis. Desde o m\u00eas de\" \/>\n<meta name=\"robots\" content=\"index, follow, max-snippet:-1, max-image-preview:large, max-video-preview:-1\" \/>\n<link rel=\"canonical\" href=\"https:\/\/www.escarre.com\/pt-pt\/noticia\/as-feiras-de-maquinas-texteis-adiadas-para-2021-2022\/\" \/>\n<meta property=\"og:locale\" content=\"pt_PT\" \/>\n<meta property=\"og:type\" content=\"article\" \/>\n<meta property=\"og:title\" content=\"As feiras de m\u00e1quinas t\u00eaxteis adiadas para 2021-2022 - Escarre\" \/>\n<meta property=\"og:description\" content=\"O Covid-19 tem atrapalhado todos os eventos de grande p\u00fablico. Entre muitos dos eventos afetados est\u00e3o as feiras de m\u00e1quinas t\u00eaxteis. Desde o m\u00eas de\" \/>\n<meta property=\"og:url\" content=\"https:\/\/www.escarre.com\/pt-pt\/noticia\/as-feiras-de-maquinas-texteis-adiadas-para-2021-2022\/\" \/>\n<meta property=\"og:site_name\" content=\"Escarre\" \/>\n<meta property=\"article:published_time\" content=\"2020-12-04T00:00:00+00:00\" \/>\n<meta property=\"article:modified_time\" content=\"2023-06-20T09:43:33+00:00\" \/>\n<meta property=\"og:image\" content=\"https:\/\/www.escarre.com\/wp-content\/uploads\/feria-de-maquinaria-textil-itma-barcelona.jpg\" \/>\n\t<meta property=\"og:image:width\" content=\"900\" \/>\n\t<meta property=\"og:image:height\" content=\"600\" \/>\n\t<meta property=\"og:image:type\" content=\"image\/jpeg\" \/>\n<meta name=\"author\" content=\"emfasi\" \/>\n<meta name=\"twitter:card\" content=\"summary_large_image\" \/>\n<meta name=\"twitter:label1\" content=\"Escrito por\" \/>\n\t<meta name=\"twitter:data1\" content=\"emfasi\" \/>\n\t<meta name=\"twitter:label2\" content=\"Tempo estimado de leitura\" \/>\n\t<meta name=\"twitter:data2\" content=\"6 minutos\" \/>\n<script type=\"application\/ld+json\" class=\"yoast-schema-graph\">{\"@context\":\"https:\/\/schema.org\",\"@graph\":[{\"@type\":\"Article\",\"@id\":\"https:\/\/www.escarre.com\/pt-pt\/noticia\/as-feiras-de-maquinas-texteis-adiadas-para-2021-2022\/#article\",\"isPartOf\":{\"@id\":\"https:\/\/www.escarre.com\/pt-pt\/noticia\/as-feiras-de-maquinas-texteis-adiadas-para-2021-2022\/\"},\"author\":{\"name\":\"emfasi\",\"@id\":\"https:\/\/www.escarre.com\/pt-pt\/#\/schema\/person\/a5731615a80c3428785daf6feea6dfd1\"},\"headline\":\"As feiras de m\u00e1quinas t\u00eaxteis adiadas para 2021-2022\",\"datePublished\":\"2020-12-04T00:00:00+00:00\",\"dateModified\":\"2023-06-20T09:43:33+00:00\",\"mainEntityOfPage\":{\"@id\":\"https:\/\/www.escarre.com\/pt-pt\/noticia\/as-feiras-de-maquinas-texteis-adiadas-para-2021-2022\/\"},\"wordCount\":1030,\"commentCount\":0,\"publisher\":{\"@id\":\"https:\/\/www.escarre.com\/pt-pt\/#organization\"},\"image\":{\"@id\":\"https:\/\/www.escarre.com\/pt-pt\/noticia\/as-feiras-de-maquinas-texteis-adiadas-para-2021-2022\/#primaryimage\"},\"thumbnailUrl\":\"https:\/\/www.escarre.com\/wp-content\/uploads\/feria-de-maquinaria-textil-itma-barcelona.jpg\",\"articleSection\":[\"Not\u00edcias\"],\"inLanguage\":\"pt-PT\",\"potentialAction\":[{\"@type\":\"CommentAction\",\"name\":\"Comment\",\"target\":[\"https:\/\/www.escarre.com\/pt-pt\/noticia\/as-feiras-de-maquinas-texteis-adiadas-para-2021-2022\/#respond\"]}]},{\"@type\":\"WebPage\",\"@id\":\"https:\/\/www.escarre.com\/pt-pt\/noticia\/as-feiras-de-maquinas-texteis-adiadas-para-2021-2022\/\",\"url\":\"https:\/\/www.escarre.com\/pt-pt\/noticia\/as-feiras-de-maquinas-texteis-adiadas-para-2021-2022\/\",\"name\":\"As feiras de m\u00e1quinas t\u00eaxteis adiadas para 2021-2022 - Escarre\",\"isPartOf\":{\"@id\":\"https:\/\/www.escarre.com\/pt-pt\/#website\"},\"primaryImageOfPage\":{\"@id\":\"https:\/\/www.escarre.com\/pt-pt\/noticia\/as-feiras-de-maquinas-texteis-adiadas-para-2021-2022\/#primaryimage\"},\"image\":{\"@id\":\"https:\/\/www.escarre.com\/pt-pt\/noticia\/as-feiras-de-maquinas-texteis-adiadas-para-2021-2022\/#primaryimage\"},\"thumbnailUrl\":\"https:\/\/www.escarre.com\/wp-content\/uploads\/feria-de-maquinaria-textil-itma-barcelona.jpg\",\"datePublished\":\"2020-12-04T00:00:00+00:00\",\"dateModified\":\"2023-06-20T09:43:33+00:00\",\"description\":\"O Covid-19 tem atrapalhado todos os eventos de grande p\u00fablico. Entre muitos dos eventos afetados est\u00e3o as feiras de m\u00e1quinas t\u00eaxteis. Desde o m\u00eas de\",\"breadcrumb\":{\"@id\":\"https:\/\/www.escarre.com\/pt-pt\/noticia\/as-feiras-de-maquinas-texteis-adiadas-para-2021-2022\/#breadcrumb\"},\"inLanguage\":\"pt-PT\",\"potentialAction\":[{\"@type\":\"ReadAction\",\"target\":[\"https:\/\/www.escarre.com\/pt-pt\/noticia\/as-feiras-de-maquinas-texteis-adiadas-para-2021-2022\/\"]}]},{\"@type\":\"ImageObject\",\"inLanguage\":\"pt-PT\",\"@id\":\"https:\/\/www.escarre.com\/pt-pt\/noticia\/as-feiras-de-maquinas-texteis-adiadas-para-2021-2022\/#primaryimage\",\"url\":\"https:\/\/www.escarre.com\/wp-content\/uploads\/feria-de-maquinaria-textil-itma-barcelona.jpg\",\"contentUrl\":\"https:\/\/www.escarre.com\/wp-content\/uploads\/feria-de-maquinaria-textil-itma-barcelona.jpg\",\"width\":900,\"height\":600},{\"@type\":\"BreadcrumbList\",\"@id\":\"https:\/\/www.escarre.com\/pt-pt\/noticia\/as-feiras-de-maquinas-texteis-adiadas-para-2021-2022\/#breadcrumb\",\"itemListElement\":[{\"@type\":\"ListItem\",\"position\":1,\"name\":\"Portada\",\"item\":\"https:\/\/www.escarre.com\/pt-pt\/\"},{\"@type\":\"ListItem\",\"position\":2,\"name\":\"As feiras de m\u00e1quinas t\u00eaxteis adiadas para 2021-2022\"}]},{\"@type\":\"WebSite\",\"@id\":\"https:\/\/www.escarre.com\/pt-pt\/#website\",\"url\":\"https:\/\/www.escarre.com\/pt-pt\/\",\"name\":\"Escarre\",\"description\":\"\",\"publisher\":{\"@id\":\"https:\/\/www.escarre.com\/pt-pt\/#organization\"},\"potentialAction\":[{\"@type\":\"SearchAction\",\"target\":{\"@type\":\"EntryPoint\",\"urlTemplate\":\"https:\/\/www.escarre.com\/pt-pt\/?s={search_term_string}\"},\"query-input\":{\"@type\":\"PropertyValueSpecification\",\"valueRequired\":true,\"valueName\":\"search_term_string\"}}],\"inLanguage\":\"pt-PT\"},{\"@type\":\"Organization\",\"@id\":\"https:\/\/www.escarre.com\/pt-pt\/#organization\",\"name\":\"Escarre\",\"url\":\"https:\/\/www.escarre.com\/pt-pt\/\",\"logo\":{\"@type\":\"ImageObject\",\"inLanguage\":\"pt-PT\",\"@id\":\"https:\/\/www.escarre.com\/pt-pt\/#\/schema\/logo\/image\/\",\"url\":\"https:\/\/www.escarre.com\/wp-content\/uploads\/logo-eas-1.png\",\"contentUrl\":\"https:\/\/www.escarre.com\/wp-content\/uploads\/logo-eas-1.png\",\"width\":700,\"height\":125,\"caption\":\"Escarre\"},\"image\":{\"@id\":\"https:\/\/www.escarre.com\/pt-pt\/#\/schema\/logo\/image\/\"}},{\"@type\":\"Person\",\"@id\":\"https:\/\/www.escarre.com\/pt-pt\/#\/schema\/person\/a5731615a80c3428785daf6feea6dfd1\",\"name\":\"emfasi\",\"sameAs\":[\"https:\/\/www.escarre.com\"],\"url\":\"https:\/\/www.escarre.com\/pt-pt\/noticias\/author\/emfasi\/\"}]}<\/script>\n<!-- \/ Yoast SEO plugin. -->","yoast_head_json":{"title":"As feiras de m\u00e1quinas t\u00eaxteis adiadas para 2021-2022 - Escarre","description":"O Covid-19 tem atrapalhado todos os eventos de grande p\u00fablico. Entre muitos dos eventos afetados est\u00e3o as feiras de m\u00e1quinas t\u00eaxteis. Desde o m\u00eas de","robots":{"index":"index","follow":"follow","max-snippet":"max-snippet:-1","max-image-preview":"max-image-preview:large","max-video-preview":"max-video-preview:-1"},"canonical":"https:\/\/www.escarre.com\/pt-pt\/noticia\/as-feiras-de-maquinas-texteis-adiadas-para-2021-2022\/","og_locale":"pt_PT","og_type":"article","og_title":"As feiras de m\u00e1quinas t\u00eaxteis adiadas para 2021-2022 - Escarre","og_description":"O Covid-19 tem atrapalhado todos os eventos de grande p\u00fablico. Entre muitos dos eventos afetados est\u00e3o as feiras de m\u00e1quinas t\u00eaxteis. Desde o m\u00eas de","og_url":"https:\/\/www.escarre.com\/pt-pt\/noticia\/as-feiras-de-maquinas-texteis-adiadas-para-2021-2022\/","og_site_name":"Escarre","article_published_time":"2020-12-04T00:00:00+00:00","article_modified_time":"2023-06-20T09:43:33+00:00","og_image":[{"width":900,"height":600,"url":"https:\/\/www.escarre.com\/wp-content\/uploads\/feria-de-maquinaria-textil-itma-barcelona.jpg","type":"image\/jpeg"}],"author":"emfasi","twitter_card":"summary_large_image","twitter_misc":{"Escrito por":"emfasi","Tempo estimado de leitura":"6 minutos"},"schema":{"@context":"https:\/\/schema.org","@graph":[{"@type":"Article","@id":"https:\/\/www.escarre.com\/pt-pt\/noticia\/as-feiras-de-maquinas-texteis-adiadas-para-2021-2022\/#article","isPartOf":{"@id":"https:\/\/www.escarre.com\/pt-pt\/noticia\/as-feiras-de-maquinas-texteis-adiadas-para-2021-2022\/"},"author":{"name":"emfasi","@id":"https:\/\/www.escarre.com\/pt-pt\/#\/schema\/person\/a5731615a80c3428785daf6feea6dfd1"},"headline":"As feiras de m\u00e1quinas t\u00eaxteis adiadas para 2021-2022","datePublished":"2020-12-04T00:00:00+00:00","dateModified":"2023-06-20T09:43:33+00:00","mainEntityOfPage":{"@id":"https:\/\/www.escarre.com\/pt-pt\/noticia\/as-feiras-de-maquinas-texteis-adiadas-para-2021-2022\/"},"wordCount":1030,"commentCount":0,"publisher":{"@id":"https:\/\/www.escarre.com\/pt-pt\/#organization"},"image":{"@id":"https:\/\/www.escarre.com\/pt-pt\/noticia\/as-feiras-de-maquinas-texteis-adiadas-para-2021-2022\/#primaryimage"},"thumbnailUrl":"https:\/\/www.escarre.com\/wp-content\/uploads\/feria-de-maquinaria-textil-itma-barcelona.jpg","articleSection":["Not\u00edcias"],"inLanguage":"pt-PT","potentialAction":[{"@type":"CommentAction","name":"Comment","target":["https:\/\/www.escarre.com\/pt-pt\/noticia\/as-feiras-de-maquinas-texteis-adiadas-para-2021-2022\/#respond"]}]},{"@type":"WebPage","@id":"https:\/\/www.escarre.com\/pt-pt\/noticia\/as-feiras-de-maquinas-texteis-adiadas-para-2021-2022\/","url":"https:\/\/www.escarre.com\/pt-pt\/noticia\/as-feiras-de-maquinas-texteis-adiadas-para-2021-2022\/","name":"As feiras de m\u00e1quinas t\u00eaxteis adiadas para 2021-2022 - Escarre","isPartOf":{"@id":"https:\/\/www.escarre.com\/pt-pt\/#website"},"primaryImageOfPage":{"@id":"https:\/\/www.escarre.com\/pt-pt\/noticia\/as-feiras-de-maquinas-texteis-adiadas-para-2021-2022\/#primaryimage"},"image":{"@id":"https:\/\/www.escarre.com\/pt-pt\/noticia\/as-feiras-de-maquinas-texteis-adiadas-para-2021-2022\/#primaryimage"},"thumbnailUrl":"https:\/\/www.escarre.com\/wp-content\/uploads\/feria-de-maquinaria-textil-itma-barcelona.jpg","datePublished":"2020-12-04T00:00:00+00:00","dateModified":"2023-06-20T09:43:33+00:00","description":"O Covid-19 tem atrapalhado todos os eventos de grande p\u00fablico. Entre muitos dos eventos afetados est\u00e3o as feiras de m\u00e1quinas t\u00eaxteis. Desde o m\u00eas de","breadcrumb":{"@id":"https:\/\/www.escarre.com\/pt-pt\/noticia\/as-feiras-de-maquinas-texteis-adiadas-para-2021-2022\/#breadcrumb"},"inLanguage":"pt-PT","potentialAction":[{"@type":"ReadAction","target":["https:\/\/www.escarre.com\/pt-pt\/noticia\/as-feiras-de-maquinas-texteis-adiadas-para-2021-2022\/"]}]},{"@type":"ImageObject","inLanguage":"pt-PT","@id":"https:\/\/www.escarre.com\/pt-pt\/noticia\/as-feiras-de-maquinas-texteis-adiadas-para-2021-2022\/#primaryimage","url":"https:\/\/www.escarre.com\/wp-content\/uploads\/feria-de-maquinaria-textil-itma-barcelona.jpg","contentUrl":"https:\/\/www.escarre.com\/wp-content\/uploads\/feria-de-maquinaria-textil-itma-barcelona.jpg","width":900,"height":600},{"@type":"BreadcrumbList","@id":"https:\/\/www.escarre.com\/pt-pt\/noticia\/as-feiras-de-maquinas-texteis-adiadas-para-2021-2022\/#breadcrumb","itemListElement":[{"@type":"ListItem","position":1,"name":"Portada","item":"https:\/\/www.escarre.com\/pt-pt\/"},{"@type":"ListItem","position":2,"name":"As feiras de m\u00e1quinas t\u00eaxteis adiadas para 2021-2022"}]},{"@type":"WebSite","@id":"https:\/\/www.escarre.com\/pt-pt\/#website","url":"https:\/\/www.escarre.com\/pt-pt\/","name":"Escarre","description":"","publisher":{"@id":"https:\/\/www.escarre.com\/pt-pt\/#organization"},"potentialAction":[{"@type":"SearchAction","target":{"@type":"EntryPoint","urlTemplate":"https:\/\/www.escarre.com\/pt-pt\/?s={search_term_string}"},"query-input":{"@type":"PropertyValueSpecification","valueRequired":true,"valueName":"search_term_string"}}],"inLanguage":"pt-PT"},{"@type":"Organization","@id":"https:\/\/www.escarre.com\/pt-pt\/#organization","name":"Escarre","url":"https:\/\/www.escarre.com\/pt-pt\/","logo":{"@type":"ImageObject","inLanguage":"pt-PT","@id":"https:\/\/www.escarre.com\/pt-pt\/#\/schema\/logo\/image\/","url":"https:\/\/www.escarre.com\/wp-content\/uploads\/logo-eas-1.png","contentUrl":"https:\/\/www.escarre.com\/wp-content\/uploads\/logo-eas-1.png","width":700,"height":125,"caption":"Escarre"},"image":{"@id":"https:\/\/www.escarre.com\/pt-pt\/#\/schema\/logo\/image\/"}},{"@type":"Person","@id":"https:\/\/www.escarre.com\/pt-pt\/#\/schema\/person\/a5731615a80c3428785daf6feea6dfd1","name":"emfasi","sameAs":["https:\/\/www.escarre.com"],"url":"https:\/\/www.escarre.com\/pt-pt\/noticias\/author\/emfasi\/"}]}},"_links":{"self":[{"href":"https:\/\/www.escarre.com\/pt-pt\/wp-json\/wp\/v2\/posts\/2960","targetHints":{"allow":["GET"]}}],"collection":[{"href":"https:\/\/www.escarre.com\/pt-pt\/wp-json\/wp\/v2\/posts"}],"about":[{"href":"https:\/\/www.escarre.com\/pt-pt\/wp-json\/wp\/v2\/types\/post"}],"author":[{"embeddable":true,"href":"https:\/\/www.escarre.com\/pt-pt\/wp-json\/wp\/v2\/users\/1"}],"replies":[{"embeddable":true,"href":"https:\/\/www.escarre.com\/pt-pt\/wp-json\/wp\/v2\/comments?post=2960"}],"version-history":[{"count":0,"href":"https:\/\/www.escarre.com\/pt-pt\/wp-json\/wp\/v2\/posts\/2960\/revisions"}],"wp:featuredmedia":[{"embeddable":true,"href":"https:\/\/www.escarre.com\/pt-pt\/wp-json\/wp\/v2\/media\/2254"}],"wp:attachment":[{"href":"https:\/\/www.escarre.com\/pt-pt\/wp-json\/wp\/v2\/media?parent=2960"}],"wp:term":[{"taxonomy":"category","embeddable":true,"href":"https:\/\/www.escarre.com\/pt-pt\/wp-json\/wp\/v2\/categories?post=2960"},{"taxonomy":"post_tag","embeddable":true,"href":"https:\/\/www.escarre.com\/pt-pt\/wp-json\/wp\/v2\/tags?post=2960"}],"curies":[{"name":"wp","href":"https:\/\/api.w.org\/{rel}","templated":true}]}}