{"id":2979,"date":"2020-05-11T00:00:00","date_gmt":"2020-05-11T00:00:00","guid":{"rendered":"https:\/\/www.escarre.com\/eas-confirma-sua-participacao-na-feira-simatex-em-2021\/"},"modified":"2023-06-20T09:44:39","modified_gmt":"2023-06-20T09:44:39","slug":"eas-confirma-sua-participacao-na-feira-simatex-em-2021","status":"publish","type":"post","link":"https:\/\/www.escarre.com\/pt-pt\/noticia\/eas-confirma-sua-participacao-na-feira-simatex-em-2021\/","title":{"rendered":"EAS confirma sua participa\u00e7\u00e3o na Feira Simatex em 2021"},"content":{"rendered":"<p>Feira Simatex A feira internacional Simatex foi adiada para 2021 devido \u00e0 pandemia global causada pelo corona v\u00edrus.<\/p>\n<p>As novas datas para realiza\u00e7\u00e3o s\u00e3o de 12 a 15 de abril de 2021 no Centro Costa Salguero, em Buenos Aires, Argentina.<\/p>\n<p>Isso foi anunciado pela Texprocess, empresa organizadora da feira, atrav\u00e9s de seu\u00a0<a href=\"https:\/\/industriatextilexpo.ar.messefrankfurt.com\/buenosaires\/en.html\" target=\"_blank\" rel=\"noopener\">site<\/a>\u00a0em mar\u00e7o passado.<\/p>\n<p>A EAS confirma sua participa\u00e7\u00e3o na feira argentina, mais pr\u00f3ximo a data, teremos a informa\u00e7\u00e3o da localiza\u00e7\u00e3o do estande.<\/p>\n<p><img decoding=\"async\" title=\"Objeto desconocido\" src=\"http:\/\/pruebas.digitales.site\/sites\/all\/libraries\/ckeditor\/images\/spacer.gif?t=C6HH5UF\" alt=\"Objeto desconocido\" align=\"\" \/><\/p>\n<h2><strong>Simatex, exposi\u00e7\u00e3o internacional de m\u00e1quinas T\u00eaxteis<\/strong><\/h2>\n<p>O Simatex \u00e9 um evento profissional realizado a cada dois anos, onde s\u00e3o apresentados as mais recentes tecnologias e inova\u00e7\u00f5es em equipamentos e m\u00e1quinas t\u00eaxteis, especificamente na ind\u00fastria de vestu\u00e1rio, tecelagem, controle de qualidade, lavanderia e estamparia.<\/p>\n<p>O espa\u00e7o para empres\u00e1rios e profissionais t\u00eaxteis tem dois objetivos: ser uma feira de refer\u00eancia no setor t\u00eaxtil na Argentina e, por outro lado, tornar-se um espa\u00e7o ideal para a atualiza\u00e7\u00e3o profissional dos participantes atrav\u00e9s de uma s\u00e9rie de confer\u00eancias, apresenta\u00e7\u00f5es e workshops.<\/p>\n<p>Paralelamente \u00e0 Simatex, as feiras Emitex, com exposi\u00e7\u00e3o internacional de fornecedores do setor t\u00eaxtil, e a Confemaq, de m\u00e1quinas t\u00eaxteis, ser\u00e3o realizadas nos dias 13 e 15 de abril de 2021.<\/p>\n<p>Em tr\u00eas dias de feiras, os participantes poder\u00e3o descobrir as mais recentes inova\u00e7\u00f5es em m\u00e1quinas e suprimentos para:<\/p>\n<ul>\n<li>Fia\u00e7\u00e3o<\/li>\n<li>Tecelagem plana<\/li>\n<li>Tric\u00f4 e meias<\/li>\n<li>N\u00e3o tecido<\/li>\n<li>Limpeza a seco e acabamento de tecido<\/li>\n<li>Opera\u00e7\u00f5es da planta<\/li>\n<li>Testes e medi\u00e7\u00e3o<\/li>\n<li>Reciclagem e servi\u00e7os para a ind\u00fastria t\u00eaxtil<\/li>\n<li>Corantes e produtos qu\u00edmicos<\/li>\n<li>Softwares espec\u00edficos para a ind\u00fastria t\u00eaxtil<\/li>\n<\/ul>\n<p>Neste \u00faltimo setor, a EAS exibir\u00e1 suas solu\u00e7\u00f5es para a automa\u00e7\u00e3o de processos t\u00eaxteis em tinturarias e acabamento t\u00eaxtil.<\/p>\n<p>Para mais informa\u00e7\u00f5es, voc\u00ea pode entrar em contato conosco atrav\u00e9s do\u00a0<a href=\"https:\/\/www.escarre.com\/pt\/contato\" target=\"_self\" rel=\"noopener\">formul\u00e1rio de contato<\/a>\u00a0em nosso site.<\/p>\n","protected":false},"excerpt":{"rendered":"<p>Feira Simatex A feira internacional Simatex foi adiada para 2021 devido \u00e0 pandemia global causada pelo corona v\u00edrus. As novas datas para realiza\u00e7\u00e3o s\u00e3o de 12 a 15 de abril &hellip;<\/p>\n","protected":false},"author":1,"featured_media":2272,"comment_status":"open","ping_status":"open","sticky":false,"template":"","format":"standard","meta":{"_acf_changed":false,"footnotes":""},"categories":[93],"tags":[],"class_list":["post-2979","post","type-post","status-publish","format-standard","has-post-thumbnail","hentry","category-noticias-pt-pt"],"acf":[],"yoast_head":"<!-- This site is optimized with the Yoast SEO plugin v26.7 - https:\/\/yoast.com\/wordpress\/plugins\/seo\/ -->\n<title>EAS confirma sua participa\u00e7\u00e3o na Feira Simatex em 2021 - Escarre<\/title>\n<meta name=\"description\" content=\"Feira Simatex A feira internacional Simatex foi adiada para 2021 devido \u00e0 pandemia global causada pelo corona v\u00edrus. As novas datas para realiza\u00e7\u00e3o s\u00e3o de\" \/>\n<meta name=\"robots\" content=\"index, follow, max-snippet:-1, max-image-preview:large, max-video-preview:-1\" \/>\n<link rel=\"canonical\" href=\"https:\/\/www.escarre.com\/pt-pt\/noticia\/eas-confirma-sua-participacao-na-feira-simatex-em-2021\/\" \/>\n<meta property=\"og:locale\" content=\"pt_PT\" \/>\n<meta property=\"og:type\" content=\"article\" \/>\n<meta property=\"og:title\" content=\"EAS confirma sua participa\u00e7\u00e3o na Feira Simatex em 2021 - Escarre\" \/>\n<meta property=\"og:description\" content=\"Feira Simatex A feira internacional Simatex foi adiada para 2021 devido \u00e0 pandemia global causada pelo corona v\u00edrus. As novas datas para realiza\u00e7\u00e3o s\u00e3o de\" \/>\n<meta property=\"og:url\" content=\"https:\/\/www.escarre.com\/pt-pt\/noticia\/eas-confirma-sua-participacao-na-feira-simatex-em-2021\/\" \/>\n<meta property=\"og:site_name\" content=\"Escarre\" \/>\n<meta property=\"article:published_time\" content=\"2020-05-11T00:00:00+00:00\" \/>\n<meta property=\"article:modified_time\" content=\"2023-06-20T09:44:39+00:00\" \/>\n<meta property=\"og:image\" content=\"https:\/\/www.escarre.com\/wp-content\/uploads\/feria-simatex-logo.jpg\" \/>\n\t<meta property=\"og:image:width\" content=\"900\" \/>\n\t<meta property=\"og:image:height\" content=\"600\" \/>\n\t<meta property=\"og:image:type\" content=\"image\/jpeg\" \/>\n<meta name=\"author\" content=\"emfasi\" \/>\n<meta name=\"twitter:card\" content=\"summary_large_image\" \/>\n<meta name=\"twitter:label1\" content=\"Escrito por\" \/>\n\t<meta name=\"twitter:data1\" content=\"emfasi\" \/>\n\t<meta name=\"twitter:label2\" content=\"Tempo estimado de leitura\" \/>\n\t<meta name=\"twitter:data2\" content=\"2 minutos\" \/>\n<script type=\"application\/ld+json\" class=\"yoast-schema-graph\">{\"@context\":\"https:\/\/schema.org\",\"@graph\":[{\"@type\":\"Article\",\"@id\":\"https:\/\/www.escarre.com\/pt-pt\/noticia\/eas-confirma-sua-participacao-na-feira-simatex-em-2021\/#article\",\"isPartOf\":{\"@id\":\"https:\/\/www.escarre.com\/pt-pt\/noticia\/eas-confirma-sua-participacao-na-feira-simatex-em-2021\/\"},\"author\":{\"name\":\"emfasi\",\"@id\":\"https:\/\/www.escarre.com\/pt-pt\/#\/schema\/person\/a5731615a80c3428785daf6feea6dfd1\"},\"headline\":\"EAS confirma sua participa\u00e7\u00e3o na Feira Simatex em 2021\",\"datePublished\":\"2020-05-11T00:00:00+00:00\",\"dateModified\":\"2023-06-20T09:44:39+00:00\",\"mainEntityOfPage\":{\"@id\":\"https:\/\/www.escarre.com\/pt-pt\/noticia\/eas-confirma-sua-participacao-na-feira-simatex-em-2021\/\"},\"wordCount\":339,\"commentCount\":0,\"publisher\":{\"@id\":\"https:\/\/www.escarre.com\/pt-pt\/#organization\"},\"image\":{\"@id\":\"https:\/\/www.escarre.com\/pt-pt\/noticia\/eas-confirma-sua-participacao-na-feira-simatex-em-2021\/#primaryimage\"},\"thumbnailUrl\":\"https:\/\/www.escarre.com\/wp-content\/uploads\/feria-simatex-logo.jpg\",\"articleSection\":[\"Not\u00edcias\"],\"inLanguage\":\"pt-PT\",\"potentialAction\":[{\"@type\":\"CommentAction\",\"name\":\"Comment\",\"target\":[\"https:\/\/www.escarre.com\/pt-pt\/noticia\/eas-confirma-sua-participacao-na-feira-simatex-em-2021\/#respond\"]}]},{\"@type\":\"WebPage\",\"@id\":\"https:\/\/www.escarre.com\/pt-pt\/noticia\/eas-confirma-sua-participacao-na-feira-simatex-em-2021\/\",\"url\":\"https:\/\/www.escarre.com\/pt-pt\/noticia\/eas-confirma-sua-participacao-na-feira-simatex-em-2021\/\",\"name\":\"EAS confirma sua participa\u00e7\u00e3o na Feira Simatex em 2021 - Escarre\",\"isPartOf\":{\"@id\":\"https:\/\/www.escarre.com\/pt-pt\/#website\"},\"primaryImageOfPage\":{\"@id\":\"https:\/\/www.escarre.com\/pt-pt\/noticia\/eas-confirma-sua-participacao-na-feira-simatex-em-2021\/#primaryimage\"},\"image\":{\"@id\":\"https:\/\/www.escarre.com\/pt-pt\/noticia\/eas-confirma-sua-participacao-na-feira-simatex-em-2021\/#primaryimage\"},\"thumbnailUrl\":\"https:\/\/www.escarre.com\/wp-content\/uploads\/feria-simatex-logo.jpg\",\"datePublished\":\"2020-05-11T00:00:00+00:00\",\"dateModified\":\"2023-06-20T09:44:39+00:00\",\"description\":\"Feira Simatex A feira internacional Simatex foi adiada para 2021 devido \u00e0 pandemia global causada pelo corona v\u00edrus. As novas datas para realiza\u00e7\u00e3o s\u00e3o de\",\"breadcrumb\":{\"@id\":\"https:\/\/www.escarre.com\/pt-pt\/noticia\/eas-confirma-sua-participacao-na-feira-simatex-em-2021\/#breadcrumb\"},\"inLanguage\":\"pt-PT\",\"potentialAction\":[{\"@type\":\"ReadAction\",\"target\":[\"https:\/\/www.escarre.com\/pt-pt\/noticia\/eas-confirma-sua-participacao-na-feira-simatex-em-2021\/\"]}]},{\"@type\":\"ImageObject\",\"inLanguage\":\"pt-PT\",\"@id\":\"https:\/\/www.escarre.com\/pt-pt\/noticia\/eas-confirma-sua-participacao-na-feira-simatex-em-2021\/#primaryimage\",\"url\":\"https:\/\/www.escarre.com\/wp-content\/uploads\/feria-simatex-logo.jpg\",\"contentUrl\":\"https:\/\/www.escarre.com\/wp-content\/uploads\/feria-simatex-logo.jpg\",\"width\":900,\"height\":600},{\"@type\":\"BreadcrumbList\",\"@id\":\"https:\/\/www.escarre.com\/pt-pt\/noticia\/eas-confirma-sua-participacao-na-feira-simatex-em-2021\/#breadcrumb\",\"itemListElement\":[{\"@type\":\"ListItem\",\"position\":1,\"name\":\"Portada\",\"item\":\"https:\/\/www.escarre.com\/pt-pt\/\"},{\"@type\":\"ListItem\",\"position\":2,\"name\":\"EAS confirma sua participa\u00e7\u00e3o na Feira Simatex em 2021\"}]},{\"@type\":\"WebSite\",\"@id\":\"https:\/\/www.escarre.com\/pt-pt\/#website\",\"url\":\"https:\/\/www.escarre.com\/pt-pt\/\",\"name\":\"Escarre\",\"description\":\"\",\"publisher\":{\"@id\":\"https:\/\/www.escarre.com\/pt-pt\/#organization\"},\"potentialAction\":[{\"@type\":\"SearchAction\",\"target\":{\"@type\":\"EntryPoint\",\"urlTemplate\":\"https:\/\/www.escarre.com\/pt-pt\/?s={search_term_string}\"},\"query-input\":{\"@type\":\"PropertyValueSpecification\",\"valueRequired\":true,\"valueName\":\"search_term_string\"}}],\"inLanguage\":\"pt-PT\"},{\"@type\":\"Organization\",\"@id\":\"https:\/\/www.escarre.com\/pt-pt\/#organization\",\"name\":\"Escarre\",\"url\":\"https:\/\/www.escarre.com\/pt-pt\/\",\"logo\":{\"@type\":\"ImageObject\",\"inLanguage\":\"pt-PT\",\"@id\":\"https:\/\/www.escarre.com\/pt-pt\/#\/schema\/logo\/image\/\",\"url\":\"https:\/\/www.escarre.com\/wp-content\/uploads\/logo-eas-1.png\",\"contentUrl\":\"https:\/\/www.escarre.com\/wp-content\/uploads\/logo-eas-1.png\",\"width\":700,\"height\":125,\"caption\":\"Escarre\"},\"image\":{\"@id\":\"https:\/\/www.escarre.com\/pt-pt\/#\/schema\/logo\/image\/\"}},{\"@type\":\"Person\",\"@id\":\"https:\/\/www.escarre.com\/pt-pt\/#\/schema\/person\/a5731615a80c3428785daf6feea6dfd1\",\"name\":\"emfasi\",\"sameAs\":[\"https:\/\/www.escarre.com\"],\"url\":\"https:\/\/www.escarre.com\/pt-pt\/noticias\/author\/emfasi\/\"}]}<\/script>\n<!-- \/ Yoast SEO plugin. -->","yoast_head_json":{"title":"EAS confirma sua participa\u00e7\u00e3o na Feira Simatex em 2021 - Escarre","description":"Feira Simatex A feira internacional Simatex foi adiada para 2021 devido \u00e0 pandemia global causada pelo corona v\u00edrus. As novas datas para realiza\u00e7\u00e3o s\u00e3o de","robots":{"index":"index","follow":"follow","max-snippet":"max-snippet:-1","max-image-preview":"max-image-preview:large","max-video-preview":"max-video-preview:-1"},"canonical":"https:\/\/www.escarre.com\/pt-pt\/noticia\/eas-confirma-sua-participacao-na-feira-simatex-em-2021\/","og_locale":"pt_PT","og_type":"article","og_title":"EAS confirma sua participa\u00e7\u00e3o na Feira Simatex em 2021 - Escarre","og_description":"Feira Simatex A feira internacional Simatex foi adiada para 2021 devido \u00e0 pandemia global causada pelo corona v\u00edrus. As novas datas para realiza\u00e7\u00e3o s\u00e3o de","og_url":"https:\/\/www.escarre.com\/pt-pt\/noticia\/eas-confirma-sua-participacao-na-feira-simatex-em-2021\/","og_site_name":"Escarre","article_published_time":"2020-05-11T00:00:00+00:00","article_modified_time":"2023-06-20T09:44:39+00:00","og_image":[{"width":900,"height":600,"url":"https:\/\/www.escarre.com\/wp-content\/uploads\/feria-simatex-logo.jpg","type":"image\/jpeg"}],"author":"emfasi","twitter_card":"summary_large_image","twitter_misc":{"Escrito por":"emfasi","Tempo estimado de leitura":"2 minutos"},"schema":{"@context":"https:\/\/schema.org","@graph":[{"@type":"Article","@id":"https:\/\/www.escarre.com\/pt-pt\/noticia\/eas-confirma-sua-participacao-na-feira-simatex-em-2021\/#article","isPartOf":{"@id":"https:\/\/www.escarre.com\/pt-pt\/noticia\/eas-confirma-sua-participacao-na-feira-simatex-em-2021\/"},"author":{"name":"emfasi","@id":"https:\/\/www.escarre.com\/pt-pt\/#\/schema\/person\/a5731615a80c3428785daf6feea6dfd1"},"headline":"EAS confirma sua participa\u00e7\u00e3o na Feira Simatex em 2021","datePublished":"2020-05-11T00:00:00+00:00","dateModified":"2023-06-20T09:44:39+00:00","mainEntityOfPage":{"@id":"https:\/\/www.escarre.com\/pt-pt\/noticia\/eas-confirma-sua-participacao-na-feira-simatex-em-2021\/"},"wordCount":339,"commentCount":0,"publisher":{"@id":"https:\/\/www.escarre.com\/pt-pt\/#organization"},"image":{"@id":"https:\/\/www.escarre.com\/pt-pt\/noticia\/eas-confirma-sua-participacao-na-feira-simatex-em-2021\/#primaryimage"},"thumbnailUrl":"https:\/\/www.escarre.com\/wp-content\/uploads\/feria-simatex-logo.jpg","articleSection":["Not\u00edcias"],"inLanguage":"pt-PT","potentialAction":[{"@type":"CommentAction","name":"Comment","target":["https:\/\/www.escarre.com\/pt-pt\/noticia\/eas-confirma-sua-participacao-na-feira-simatex-em-2021\/#respond"]}]},{"@type":"WebPage","@id":"https:\/\/www.escarre.com\/pt-pt\/noticia\/eas-confirma-sua-participacao-na-feira-simatex-em-2021\/","url":"https:\/\/www.escarre.com\/pt-pt\/noticia\/eas-confirma-sua-participacao-na-feira-simatex-em-2021\/","name":"EAS confirma sua participa\u00e7\u00e3o na Feira Simatex em 2021 - Escarre","isPartOf":{"@id":"https:\/\/www.escarre.com\/pt-pt\/#website"},"primaryImageOfPage":{"@id":"https:\/\/www.escarre.com\/pt-pt\/noticia\/eas-confirma-sua-participacao-na-feira-simatex-em-2021\/#primaryimage"},"image":{"@id":"https:\/\/www.escarre.com\/pt-pt\/noticia\/eas-confirma-sua-participacao-na-feira-simatex-em-2021\/#primaryimage"},"thumbnailUrl":"https:\/\/www.escarre.com\/wp-content\/uploads\/feria-simatex-logo.jpg","datePublished":"2020-05-11T00:00:00+00:00","dateModified":"2023-06-20T09:44:39+00:00","description":"Feira Simatex A feira internacional Simatex foi adiada para 2021 devido \u00e0 pandemia global causada pelo corona v\u00edrus. As novas datas para realiza\u00e7\u00e3o s\u00e3o de","breadcrumb":{"@id":"https:\/\/www.escarre.com\/pt-pt\/noticia\/eas-confirma-sua-participacao-na-feira-simatex-em-2021\/#breadcrumb"},"inLanguage":"pt-PT","potentialAction":[{"@type":"ReadAction","target":["https:\/\/www.escarre.com\/pt-pt\/noticia\/eas-confirma-sua-participacao-na-feira-simatex-em-2021\/"]}]},{"@type":"ImageObject","inLanguage":"pt-PT","@id":"https:\/\/www.escarre.com\/pt-pt\/noticia\/eas-confirma-sua-participacao-na-feira-simatex-em-2021\/#primaryimage","url":"https:\/\/www.escarre.com\/wp-content\/uploads\/feria-simatex-logo.jpg","contentUrl":"https:\/\/www.escarre.com\/wp-content\/uploads\/feria-simatex-logo.jpg","width":900,"height":600},{"@type":"BreadcrumbList","@id":"https:\/\/www.escarre.com\/pt-pt\/noticia\/eas-confirma-sua-participacao-na-feira-simatex-em-2021\/#breadcrumb","itemListElement":[{"@type":"ListItem","position":1,"name":"Portada","item":"https:\/\/www.escarre.com\/pt-pt\/"},{"@type":"ListItem","position":2,"name":"EAS confirma sua participa\u00e7\u00e3o na Feira Simatex em 2021"}]},{"@type":"WebSite","@id":"https:\/\/www.escarre.com\/pt-pt\/#website","url":"https:\/\/www.escarre.com\/pt-pt\/","name":"Escarre","description":"","publisher":{"@id":"https:\/\/www.escarre.com\/pt-pt\/#organization"},"potentialAction":[{"@type":"SearchAction","target":{"@type":"EntryPoint","urlTemplate":"https:\/\/www.escarre.com\/pt-pt\/?s={search_term_string}"},"query-input":{"@type":"PropertyValueSpecification","valueRequired":true,"valueName":"search_term_string"}}],"inLanguage":"pt-PT"},{"@type":"Organization","@id":"https:\/\/www.escarre.com\/pt-pt\/#organization","name":"Escarre","url":"https:\/\/www.escarre.com\/pt-pt\/","logo":{"@type":"ImageObject","inLanguage":"pt-PT","@id":"https:\/\/www.escarre.com\/pt-pt\/#\/schema\/logo\/image\/","url":"https:\/\/www.escarre.com\/wp-content\/uploads\/logo-eas-1.png","contentUrl":"https:\/\/www.escarre.com\/wp-content\/uploads\/logo-eas-1.png","width":700,"height":125,"caption":"Escarre"},"image":{"@id":"https:\/\/www.escarre.com\/pt-pt\/#\/schema\/logo\/image\/"}},{"@type":"Person","@id":"https:\/\/www.escarre.com\/pt-pt\/#\/schema\/person\/a5731615a80c3428785daf6feea6dfd1","name":"emfasi","sameAs":["https:\/\/www.escarre.com"],"url":"https:\/\/www.escarre.com\/pt-pt\/noticias\/author\/emfasi\/"}]}},"_links":{"self":[{"href":"https:\/\/www.escarre.com\/pt-pt\/wp-json\/wp\/v2\/posts\/2979","targetHints":{"allow":["GET"]}}],"collection":[{"href":"https:\/\/www.escarre.com\/pt-pt\/wp-json\/wp\/v2\/posts"}],"about":[{"href":"https:\/\/www.escarre.com\/pt-pt\/wp-json\/wp\/v2\/types\/post"}],"author":[{"embeddable":true,"href":"https:\/\/www.escarre.com\/pt-pt\/wp-json\/wp\/v2\/users\/1"}],"replies":[{"embeddable":true,"href":"https:\/\/www.escarre.com\/pt-pt\/wp-json\/wp\/v2\/comments?post=2979"}],"version-history":[{"count":0,"href":"https:\/\/www.escarre.com\/pt-pt\/wp-json\/wp\/v2\/posts\/2979\/revisions"}],"wp:featuredmedia":[{"embeddable":true,"href":"https:\/\/www.escarre.com\/pt-pt\/wp-json\/wp\/v2\/media\/2272"}],"wp:attachment":[{"href":"https:\/\/www.escarre.com\/pt-pt\/wp-json\/wp\/v2\/media?parent=2979"}],"wp:term":[{"taxonomy":"category","embeddable":true,"href":"https:\/\/www.escarre.com\/pt-pt\/wp-json\/wp\/v2\/categories?post=2979"},{"taxonomy":"post_tag","embeddable":true,"href":"https:\/\/www.escarre.com\/pt-pt\/wp-json\/wp\/v2\/tags?post=2979"}],"curies":[{"name":"wp","href":"https:\/\/api.w.org\/{rel}","templated":true}]}}