{"id":2995,"date":"2020-01-13T00:00:00","date_gmt":"2020-01-13T00:00:00","guid":{"rendered":"https:\/\/www.escarre.com\/eas-e-a-feira-heimtextil-2020-em-frankfurt\/"},"modified":"2023-06-20T09:45:17","modified_gmt":"2023-06-20T09:45:17","slug":"eas-e-a-feira-heimtextil-2020-em-frankfurt","status":"publish","type":"post","link":"https:\/\/www.escarre.com\/pt-pt\/noticia\/eas-e-a-feira-heimtextil-2020-em-frankfurt\/","title":{"rendered":"EAS e a feira Heimtextil 2020 em Frankfurt"},"content":{"rendered":"<p>A EAS visitou \u00e0 primeira feira t\u00eaxtil internacional do ano 2020: a Heimtextil em Frankfurt.<\/p>\n<p>Entre 7 e 10 de Janeiro de 2020 realizou-se a Heimtextil 2020 em Frankfurt, a maior feira internacional da ind\u00fastria t\u00eaxtil para o lar, design de interiores e tend\u00eancias de interiores.<\/p>\n<p>A Heimtextil \u00e9 uma refer\u00eancia mundial nas rela\u00e7\u00f5es comerciais, neste ano contou com a participa\u00e7\u00e3o de 3.000 empresas expositoras de 65 pa\u00edses, &nbsp;e a visita de mais de 67.000 pessoas de 156 pa\u00edses.<\/p>\n<p>Todas as novidades, tend\u00eancias e produtos apresentados durante os dias da feira, marcam o in\u00edcio da temporada e tamb\u00e9m estimulam a atividade comercial das empresas expositoras e dos profissionais que a visitam.<\/p>\n<p>Gra\u00e7as \u00e0 sua excelente representatividade, \u00e9 uma visita imprescind\u00edvel para os diretores, compradores, produtores, vendedores e representantes da ind\u00fastria t\u00eaxtil.<\/p>\n<p>N\u00f3s da EAS estamos satisfeitos com a visita comercial \u00e0 feira alem\u00e3, onde pudemos nos encontrar com mais de 40 empresas de 12 pa\u00edses diferentes: Espanha, Turquia, Egito, Fran\u00e7a, Rep\u00fablica Tcheca, Portugal, Litu\u00e2nia, Pol\u00f4nia, Let\u00f4nia, R\u00fassia, Turquemenist\u00e3o e Marrocos.<\/p>\n<p>Uma men\u00e7\u00e3o especial para as empresas expositoras do Paquist\u00e3o, \u00cdndia e Bangladesh, nas quais os nossos produtos de automa\u00e7\u00e3o na ind\u00fastria t\u00eaxtil t\u00eam gerado um interesse especial.<\/p>\n<h2>\n\t<strong>Heimtextil em seu 50\u00ba anivers\u00e1rio<\/strong><\/h2>\n<p>Para a celebra\u00e7\u00e3o dos seus 50 anos, a Messe Heimtextil apresentou no seu site um conte\u00fado interessante que re\u00fane os principais desafios que tem assumido desde 1971.<\/p>\n<p>Al\u00e9m disso, durante a mostra, foi realizada uma noite especial e apresentado o filme &#8220;50 vezes tocado pelos t\u00eaxteis&#8221;, uma breve explica\u00e7\u00e3o de como a experi\u00eancia t\u00e1til dos t\u00eaxteis sempre nos encanta.<\/p>\n<p><iframe loading=\"lazy\" allow=\"accelerometer; autoplay; encrypted-media; gyroscope; picture-in-picture\" allowfullscreen=\"\" frameborder=\"0\" height=\"315\" src=\"https:\/\/www.youtube.com\/embed\/MzvrbS1FhQI\" width=\"560\"><\/iframe><\/p>\n<p>Outra \u00e1rea interessante no programa da feira foi a &#8220;Textile Technology Talks&#8221;, um espa\u00e7o para apresenta\u00e7\u00f5es onde as empresas mostraram produtos e servi\u00e7os que se destacaram pela sua sustentabilidade, ind\u00fastria 4.0, Big Data, intelig\u00eancia artificial, automa\u00e7\u00e3o, impress\u00e3o digital e sistemas de produ\u00e7\u00e3o auto-organizados.<\/p>\n<p>A Feira Heimtextil foi uma boa forma de iniciar a atividade comercial em 2020.<\/p>\n","protected":false},"excerpt":{"rendered":"<p>A EAS visitou \u00e0 primeira feira t\u00eaxtil internacional do ano 2020: a Heimtextil em Frankfurt. Entre 7 e 10 de Janeiro de 2020 realizou-se a Heimtextil 2020 em Frankfurt, a &hellip;<\/p>\n","protected":false},"author":1,"featured_media":2291,"comment_status":"open","ping_status":"open","sticky":false,"template":"","format":"standard","meta":{"_acf_changed":false,"footnotes":""},"categories":[93],"tags":[],"class_list":["post-2995","post","type-post","status-publish","format-standard","has-post-thumbnail","hentry","category-noticias-pt-pt"],"acf":[],"yoast_head":"<!-- This site is optimized with the Yoast SEO plugin v26.7 - https:\/\/yoast.com\/wordpress\/plugins\/seo\/ -->\n<title>EAS e a feira Heimtextil 2020 em Frankfurt - Escarre<\/title>\n<meta name=\"description\" content=\"A EAS visitou \u00e0 primeira feira t\u00eaxtil internacional do ano 2020: a Heimtextil em Frankfurt. Entre 7 e 10 de Janeiro de 2020 realizou-se a Heimtextil 2020\" \/>\n<meta name=\"robots\" content=\"index, follow, max-snippet:-1, max-image-preview:large, max-video-preview:-1\" \/>\n<link rel=\"canonical\" href=\"https:\/\/www.escarre.com\/pt-pt\/noticia\/eas-e-a-feira-heimtextil-2020-em-frankfurt\/\" \/>\n<meta property=\"og:locale\" content=\"pt_PT\" \/>\n<meta property=\"og:type\" content=\"article\" \/>\n<meta property=\"og:title\" content=\"EAS e a feira Heimtextil 2020 em Frankfurt - Escarre\" \/>\n<meta property=\"og:description\" content=\"A EAS visitou \u00e0 primeira feira t\u00eaxtil internacional do ano 2020: a Heimtextil em Frankfurt. Entre 7 e 10 de Janeiro de 2020 realizou-se a Heimtextil 2020\" \/>\n<meta property=\"og:url\" content=\"https:\/\/www.escarre.com\/pt-pt\/noticia\/eas-e-a-feira-heimtextil-2020-em-frankfurt\/\" \/>\n<meta property=\"og:site_name\" content=\"Escarre\" \/>\n<meta property=\"article:published_time\" content=\"2020-01-13T00:00:00+00:00\" \/>\n<meta property=\"article:modified_time\" content=\"2023-06-20T09:45:17+00:00\" \/>\n<meta property=\"og:image\" content=\"https:\/\/www.escarre.com\/wp-content\/uploads\/feria-heimtextil-2020.jpg\" \/>\n\t<meta property=\"og:image:width\" content=\"700\" \/>\n\t<meta property=\"og:image:height\" content=\"400\" \/>\n\t<meta property=\"og:image:type\" content=\"image\/jpeg\" \/>\n<meta name=\"author\" content=\"emfasi\" \/>\n<meta name=\"twitter:card\" content=\"summary_large_image\" \/>\n<meta name=\"twitter:label1\" content=\"Escrito por\" \/>\n\t<meta name=\"twitter:data1\" content=\"emfasi\" \/>\n\t<meta name=\"twitter:label2\" content=\"Tempo estimado de leitura\" \/>\n\t<meta name=\"twitter:data2\" content=\"2 minutos\" \/>\n<script type=\"application\/ld+json\" class=\"yoast-schema-graph\">{\"@context\":\"https:\/\/schema.org\",\"@graph\":[{\"@type\":\"Article\",\"@id\":\"https:\/\/www.escarre.com\/pt-pt\/noticia\/eas-e-a-feira-heimtextil-2020-em-frankfurt\/#article\",\"isPartOf\":{\"@id\":\"https:\/\/www.escarre.com\/pt-pt\/noticia\/eas-e-a-feira-heimtextil-2020-em-frankfurt\/\"},\"author\":{\"name\":\"emfasi\",\"@id\":\"https:\/\/www.escarre.com\/pt-pt\/#\/schema\/person\/a5731615a80c3428785daf6feea6dfd1\"},\"headline\":\"EAS e a feira Heimtextil 2020 em Frankfurt\",\"datePublished\":\"2020-01-13T00:00:00+00:00\",\"dateModified\":\"2023-06-20T09:45:17+00:00\",\"mainEntityOfPage\":{\"@id\":\"https:\/\/www.escarre.com\/pt-pt\/noticia\/eas-e-a-feira-heimtextil-2020-em-frankfurt\/\"},\"wordCount\":353,\"commentCount\":0,\"publisher\":{\"@id\":\"https:\/\/www.escarre.com\/pt-pt\/#organization\"},\"image\":{\"@id\":\"https:\/\/www.escarre.com\/pt-pt\/noticia\/eas-e-a-feira-heimtextil-2020-em-frankfurt\/#primaryimage\"},\"thumbnailUrl\":\"https:\/\/www.escarre.com\/wp-content\/uploads\/feria-heimtextil-2020.jpg\",\"articleSection\":[\"Not\u00edcias\"],\"inLanguage\":\"pt-PT\",\"potentialAction\":[{\"@type\":\"CommentAction\",\"name\":\"Comment\",\"target\":[\"https:\/\/www.escarre.com\/pt-pt\/noticia\/eas-e-a-feira-heimtextil-2020-em-frankfurt\/#respond\"]}]},{\"@type\":\"WebPage\",\"@id\":\"https:\/\/www.escarre.com\/pt-pt\/noticia\/eas-e-a-feira-heimtextil-2020-em-frankfurt\/\",\"url\":\"https:\/\/www.escarre.com\/pt-pt\/noticia\/eas-e-a-feira-heimtextil-2020-em-frankfurt\/\",\"name\":\"EAS e a feira Heimtextil 2020 em Frankfurt - Escarre\",\"isPartOf\":{\"@id\":\"https:\/\/www.escarre.com\/pt-pt\/#website\"},\"primaryImageOfPage\":{\"@id\":\"https:\/\/www.escarre.com\/pt-pt\/noticia\/eas-e-a-feira-heimtextil-2020-em-frankfurt\/#primaryimage\"},\"image\":{\"@id\":\"https:\/\/www.escarre.com\/pt-pt\/noticia\/eas-e-a-feira-heimtextil-2020-em-frankfurt\/#primaryimage\"},\"thumbnailUrl\":\"https:\/\/www.escarre.com\/wp-content\/uploads\/feria-heimtextil-2020.jpg\",\"datePublished\":\"2020-01-13T00:00:00+00:00\",\"dateModified\":\"2023-06-20T09:45:17+00:00\",\"description\":\"A EAS visitou \u00e0 primeira feira t\u00eaxtil internacional do ano 2020: a Heimtextil em Frankfurt. Entre 7 e 10 de Janeiro de 2020 realizou-se a Heimtextil 2020\",\"breadcrumb\":{\"@id\":\"https:\/\/www.escarre.com\/pt-pt\/noticia\/eas-e-a-feira-heimtextil-2020-em-frankfurt\/#breadcrumb\"},\"inLanguage\":\"pt-PT\",\"potentialAction\":[{\"@type\":\"ReadAction\",\"target\":[\"https:\/\/www.escarre.com\/pt-pt\/noticia\/eas-e-a-feira-heimtextil-2020-em-frankfurt\/\"]}]},{\"@type\":\"ImageObject\",\"inLanguage\":\"pt-PT\",\"@id\":\"https:\/\/www.escarre.com\/pt-pt\/noticia\/eas-e-a-feira-heimtextil-2020-em-frankfurt\/#primaryimage\",\"url\":\"https:\/\/www.escarre.com\/wp-content\/uploads\/feria-heimtextil-2020.jpg\",\"contentUrl\":\"https:\/\/www.escarre.com\/wp-content\/uploads\/feria-heimtextil-2020.jpg\",\"width\":700,\"height\":400},{\"@type\":\"BreadcrumbList\",\"@id\":\"https:\/\/www.escarre.com\/pt-pt\/noticia\/eas-e-a-feira-heimtextil-2020-em-frankfurt\/#breadcrumb\",\"itemListElement\":[{\"@type\":\"ListItem\",\"position\":1,\"name\":\"Portada\",\"item\":\"https:\/\/www.escarre.com\/pt-pt\/\"},{\"@type\":\"ListItem\",\"position\":2,\"name\":\"EAS e a feira Heimtextil 2020 em Frankfurt\"}]},{\"@type\":\"WebSite\",\"@id\":\"https:\/\/www.escarre.com\/pt-pt\/#website\",\"url\":\"https:\/\/www.escarre.com\/pt-pt\/\",\"name\":\"Escarre\",\"description\":\"\",\"publisher\":{\"@id\":\"https:\/\/www.escarre.com\/pt-pt\/#organization\"},\"potentialAction\":[{\"@type\":\"SearchAction\",\"target\":{\"@type\":\"EntryPoint\",\"urlTemplate\":\"https:\/\/www.escarre.com\/pt-pt\/?s={search_term_string}\"},\"query-input\":{\"@type\":\"PropertyValueSpecification\",\"valueRequired\":true,\"valueName\":\"search_term_string\"}}],\"inLanguage\":\"pt-PT\"},{\"@type\":\"Organization\",\"@id\":\"https:\/\/www.escarre.com\/pt-pt\/#organization\",\"name\":\"Escarre\",\"url\":\"https:\/\/www.escarre.com\/pt-pt\/\",\"logo\":{\"@type\":\"ImageObject\",\"inLanguage\":\"pt-PT\",\"@id\":\"https:\/\/www.escarre.com\/pt-pt\/#\/schema\/logo\/image\/\",\"url\":\"https:\/\/www.escarre.com\/wp-content\/uploads\/logo-eas-1.png\",\"contentUrl\":\"https:\/\/www.escarre.com\/wp-content\/uploads\/logo-eas-1.png\",\"width\":700,\"height\":125,\"caption\":\"Escarre\"},\"image\":{\"@id\":\"https:\/\/www.escarre.com\/pt-pt\/#\/schema\/logo\/image\/\"}},{\"@type\":\"Person\",\"@id\":\"https:\/\/www.escarre.com\/pt-pt\/#\/schema\/person\/a5731615a80c3428785daf6feea6dfd1\",\"name\":\"emfasi\",\"sameAs\":[\"https:\/\/www.escarre.com\"],\"url\":\"https:\/\/www.escarre.com\/pt-pt\/noticias\/author\/emfasi\/\"}]}<\/script>\n<!-- \/ Yoast SEO plugin. -->","yoast_head_json":{"title":"EAS e a feira Heimtextil 2020 em Frankfurt - Escarre","description":"A EAS visitou \u00e0 primeira feira t\u00eaxtil internacional do ano 2020: a Heimtextil em Frankfurt. Entre 7 e 10 de Janeiro de 2020 realizou-se a Heimtextil 2020","robots":{"index":"index","follow":"follow","max-snippet":"max-snippet:-1","max-image-preview":"max-image-preview:large","max-video-preview":"max-video-preview:-1"},"canonical":"https:\/\/www.escarre.com\/pt-pt\/noticia\/eas-e-a-feira-heimtextil-2020-em-frankfurt\/","og_locale":"pt_PT","og_type":"article","og_title":"EAS e a feira Heimtextil 2020 em Frankfurt - Escarre","og_description":"A EAS visitou \u00e0 primeira feira t\u00eaxtil internacional do ano 2020: a Heimtextil em Frankfurt. Entre 7 e 10 de Janeiro de 2020 realizou-se a Heimtextil 2020","og_url":"https:\/\/www.escarre.com\/pt-pt\/noticia\/eas-e-a-feira-heimtextil-2020-em-frankfurt\/","og_site_name":"Escarre","article_published_time":"2020-01-13T00:00:00+00:00","article_modified_time":"2023-06-20T09:45:17+00:00","og_image":[{"width":700,"height":400,"url":"https:\/\/www.escarre.com\/wp-content\/uploads\/feria-heimtextil-2020.jpg","type":"image\/jpeg"}],"author":"emfasi","twitter_card":"summary_large_image","twitter_misc":{"Escrito por":"emfasi","Tempo estimado de leitura":"2 minutos"},"schema":{"@context":"https:\/\/schema.org","@graph":[{"@type":"Article","@id":"https:\/\/www.escarre.com\/pt-pt\/noticia\/eas-e-a-feira-heimtextil-2020-em-frankfurt\/#article","isPartOf":{"@id":"https:\/\/www.escarre.com\/pt-pt\/noticia\/eas-e-a-feira-heimtextil-2020-em-frankfurt\/"},"author":{"name":"emfasi","@id":"https:\/\/www.escarre.com\/pt-pt\/#\/schema\/person\/a5731615a80c3428785daf6feea6dfd1"},"headline":"EAS e a feira Heimtextil 2020 em Frankfurt","datePublished":"2020-01-13T00:00:00+00:00","dateModified":"2023-06-20T09:45:17+00:00","mainEntityOfPage":{"@id":"https:\/\/www.escarre.com\/pt-pt\/noticia\/eas-e-a-feira-heimtextil-2020-em-frankfurt\/"},"wordCount":353,"commentCount":0,"publisher":{"@id":"https:\/\/www.escarre.com\/pt-pt\/#organization"},"image":{"@id":"https:\/\/www.escarre.com\/pt-pt\/noticia\/eas-e-a-feira-heimtextil-2020-em-frankfurt\/#primaryimage"},"thumbnailUrl":"https:\/\/www.escarre.com\/wp-content\/uploads\/feria-heimtextil-2020.jpg","articleSection":["Not\u00edcias"],"inLanguage":"pt-PT","potentialAction":[{"@type":"CommentAction","name":"Comment","target":["https:\/\/www.escarre.com\/pt-pt\/noticia\/eas-e-a-feira-heimtextil-2020-em-frankfurt\/#respond"]}]},{"@type":"WebPage","@id":"https:\/\/www.escarre.com\/pt-pt\/noticia\/eas-e-a-feira-heimtextil-2020-em-frankfurt\/","url":"https:\/\/www.escarre.com\/pt-pt\/noticia\/eas-e-a-feira-heimtextil-2020-em-frankfurt\/","name":"EAS e a feira Heimtextil 2020 em Frankfurt - Escarre","isPartOf":{"@id":"https:\/\/www.escarre.com\/pt-pt\/#website"},"primaryImageOfPage":{"@id":"https:\/\/www.escarre.com\/pt-pt\/noticia\/eas-e-a-feira-heimtextil-2020-em-frankfurt\/#primaryimage"},"image":{"@id":"https:\/\/www.escarre.com\/pt-pt\/noticia\/eas-e-a-feira-heimtextil-2020-em-frankfurt\/#primaryimage"},"thumbnailUrl":"https:\/\/www.escarre.com\/wp-content\/uploads\/feria-heimtextil-2020.jpg","datePublished":"2020-01-13T00:00:00+00:00","dateModified":"2023-06-20T09:45:17+00:00","description":"A EAS visitou \u00e0 primeira feira t\u00eaxtil internacional do ano 2020: a Heimtextil em Frankfurt. Entre 7 e 10 de Janeiro de 2020 realizou-se a Heimtextil 2020","breadcrumb":{"@id":"https:\/\/www.escarre.com\/pt-pt\/noticia\/eas-e-a-feira-heimtextil-2020-em-frankfurt\/#breadcrumb"},"inLanguage":"pt-PT","potentialAction":[{"@type":"ReadAction","target":["https:\/\/www.escarre.com\/pt-pt\/noticia\/eas-e-a-feira-heimtextil-2020-em-frankfurt\/"]}]},{"@type":"ImageObject","inLanguage":"pt-PT","@id":"https:\/\/www.escarre.com\/pt-pt\/noticia\/eas-e-a-feira-heimtextil-2020-em-frankfurt\/#primaryimage","url":"https:\/\/www.escarre.com\/wp-content\/uploads\/feria-heimtextil-2020.jpg","contentUrl":"https:\/\/www.escarre.com\/wp-content\/uploads\/feria-heimtextil-2020.jpg","width":700,"height":400},{"@type":"BreadcrumbList","@id":"https:\/\/www.escarre.com\/pt-pt\/noticia\/eas-e-a-feira-heimtextil-2020-em-frankfurt\/#breadcrumb","itemListElement":[{"@type":"ListItem","position":1,"name":"Portada","item":"https:\/\/www.escarre.com\/pt-pt\/"},{"@type":"ListItem","position":2,"name":"EAS e a feira Heimtextil 2020 em Frankfurt"}]},{"@type":"WebSite","@id":"https:\/\/www.escarre.com\/pt-pt\/#website","url":"https:\/\/www.escarre.com\/pt-pt\/","name":"Escarre","description":"","publisher":{"@id":"https:\/\/www.escarre.com\/pt-pt\/#organization"},"potentialAction":[{"@type":"SearchAction","target":{"@type":"EntryPoint","urlTemplate":"https:\/\/www.escarre.com\/pt-pt\/?s={search_term_string}"},"query-input":{"@type":"PropertyValueSpecification","valueRequired":true,"valueName":"search_term_string"}}],"inLanguage":"pt-PT"},{"@type":"Organization","@id":"https:\/\/www.escarre.com\/pt-pt\/#organization","name":"Escarre","url":"https:\/\/www.escarre.com\/pt-pt\/","logo":{"@type":"ImageObject","inLanguage":"pt-PT","@id":"https:\/\/www.escarre.com\/pt-pt\/#\/schema\/logo\/image\/","url":"https:\/\/www.escarre.com\/wp-content\/uploads\/logo-eas-1.png","contentUrl":"https:\/\/www.escarre.com\/wp-content\/uploads\/logo-eas-1.png","width":700,"height":125,"caption":"Escarre"},"image":{"@id":"https:\/\/www.escarre.com\/pt-pt\/#\/schema\/logo\/image\/"}},{"@type":"Person","@id":"https:\/\/www.escarre.com\/pt-pt\/#\/schema\/person\/a5731615a80c3428785daf6feea6dfd1","name":"emfasi","sameAs":["https:\/\/www.escarre.com"],"url":"https:\/\/www.escarre.com\/pt-pt\/noticias\/author\/emfasi\/"}]}},"_links":{"self":[{"href":"https:\/\/www.escarre.com\/pt-pt\/wp-json\/wp\/v2\/posts\/2995","targetHints":{"allow":["GET"]}}],"collection":[{"href":"https:\/\/www.escarre.com\/pt-pt\/wp-json\/wp\/v2\/posts"}],"about":[{"href":"https:\/\/www.escarre.com\/pt-pt\/wp-json\/wp\/v2\/types\/post"}],"author":[{"embeddable":true,"href":"https:\/\/www.escarre.com\/pt-pt\/wp-json\/wp\/v2\/users\/1"}],"replies":[{"embeddable":true,"href":"https:\/\/www.escarre.com\/pt-pt\/wp-json\/wp\/v2\/comments?post=2995"}],"version-history":[{"count":0,"href":"https:\/\/www.escarre.com\/pt-pt\/wp-json\/wp\/v2\/posts\/2995\/revisions"}],"wp:featuredmedia":[{"embeddable":true,"href":"https:\/\/www.escarre.com\/pt-pt\/wp-json\/wp\/v2\/media\/2291"}],"wp:attachment":[{"href":"https:\/\/www.escarre.com\/pt-pt\/wp-json\/wp\/v2\/media?parent=2995"}],"wp:term":[{"taxonomy":"category","embeddable":true,"href":"https:\/\/www.escarre.com\/pt-pt\/wp-json\/wp\/v2\/categories?post=2995"},{"taxonomy":"post_tag","embeddable":true,"href":"https:\/\/www.escarre.com\/pt-pt\/wp-json\/wp\/v2\/tags?post=2995"}],"curies":[{"name":"wp","href":"https:\/\/api.w.org\/{rel}","templated":true}]}}