{"id":3001,"date":"2019-04-13T00:00:00","date_gmt":"2019-04-13T00:00:00","guid":{"rendered":"https:\/\/www.escarre.com\/eas-na-itma-2019\/"},"modified":"2023-06-20T09:45:48","modified_gmt":"2023-06-20T09:45:48","slug":"eas-na-itma-2019","status":"publish","type":"post","link":"https:\/\/www.escarre.com\/pt-pt\/noticia\/eas-na-itma-2019\/","title":{"rendered":"EAS na ITMA 2019"},"content":{"rendered":"<div>A EAS estar\u00e1 presente na feira Internacional mais importante de m\u00e1quinas e automa\u00e7\u00f5es do setor t\u00eaxtil, a ITMA, que ir\u00e1 acontecer em Barcelona entre os dias 20 e 26 de junho de 2019.<\/div>\n<div><strong>Visite-nos no estande n\u00famero A117 do Pavilh\u00e3o 1.<\/strong><\/div>\n<div>A <a href=\"https:\/\/www.itma.com\/\">ITMA<\/a> \u00e9 realizada a cada 4 anos, \u00e9 um lugar onde as m\u00e1quinas e as tecnologias que marcam as tend\u00eancias do setor t\u00eaxtil convergem. Os Visitantes e expositores se re\u00fanem para descobrir novas ideias, solu\u00e7\u00f5es eficazes e oportunidades de colabora\u00e7\u00e3o e neg\u00f3cio.<\/div>\n<div>&nbsp;<\/div>\n<h2>ITMA 2019 em n\u00fameros:<\/h2>\n<div>Para este ano de 2019 o sal\u00e3o t\u00eaxtil internacional de Barcelona inclu\u00ed:<\/div>\n<ul>\n<li>\n<div>19 setores de exposi\u00e7\u00e3o, diversas solu\u00e7\u00f5es integradas para toda a cadeia t\u00eaxtil.<\/div>\n<\/li>\n<li>\n<div>Espera receber um total de 120.000 visitantes, provenientes de 147 pa\u00edses.<\/div>\n<\/li>\n<li>\n<div>Mais de 200mil metros quadrados de exposi\u00e7\u00e3o.<\/div>\n<\/li>\n<li>\n<div>1600 expositores, fabricantes da ind\u00fastria t\u00eaxtil de 26 pa\u00edses.<\/div>\n<\/li>\n<li>\n<div>Confer\u00eancias e f\u00f3runs para descobrir as perspectivas globais e as novas tend\u00eancias t\u00eaxteis.<\/div>\n<\/li>\n<\/ul>\n<div>&nbsp;<\/div>\n<h2>Texdrive e Info Tint na ITMA<\/h2>\n<div>No estande da EAS, ser\u00e1 apresentado suas mais novas solu\u00e7\u00f5es para software de gest\u00e3o, supervis\u00e3o e seguimento de produ\u00e7\u00e3o nas plantas t\u00eaxteis: <strong>Texdrive e Info Tint<\/strong>.<\/div>\n<div>&nbsp;<\/div>\n<h3>Texdrive: Um ERP que conecta diretamente com a M\u00e1quina<\/h3>\n<div>&nbsp;<\/div>\n<div>O <a href=\"\/pt\/node\/8\">Texdrive<\/a> \u00e9 um <strong>software que conecta diretamente com as m\u00e1quinas<\/strong> de tingimento, da tinturaria e acabamento, incluindo informa\u00e7\u00e3o comercial, incluindo entrada do pedido e faturamento.<\/div>\n<div>\u00c9 um <strong>sistema integrado<\/strong> que gerencia desde o estoque de mat\u00e9rias primas, as ordens de produ\u00e7\u00e3o, roteiro completo, impress\u00e3o de etiquetas, at\u00e9 o controle de estoques e armaz\u00e9ns. Tamb\u00e9m inclui o gerenciamento de planejamento para colaboradores externos e o controle de custos.<\/div>\n<div>&nbsp;<\/div>\n<h3>Info Tint: Conex\u00e3o com o maior n\u00famero de m\u00e1quinas t\u00eaxteis do mercado.<\/h3>\n<div>&nbsp;<\/div>\n<div>&nbsp;<\/div>\n<div><a href=\"\/pt\/node\/7\">InfoTint<\/a> \u00e9 a <strong>solu\u00e7\u00e3o automatizada mais completa e f\u00e1cil de usar do mercado<\/strong>. Seu controle abrange desde a produ\u00e7\u00e3o em tecelagem, edi\u00e7\u00e3o de ciclos de tingimento, receitas e processos, c\u00e1lculos correspondentes as f\u00f3rmulas de lotes e planejamento e estat\u00edstica.<\/div>\n<div>A integra\u00e7\u00e3o do InfoTint com o ERP \u00e9 flex\u00edvel e configur\u00e1vel, podendo configurar mais de 100 eventos, os quais, por sua vez, tamb\u00e9m s\u00e3o parametriz\u00e1veis.<\/div>\n<div>Para mais informa\u00e7\u00f5es sobre esta e outras solu\u00e7\u00f5es para a ind\u00fastria t\u00eaxtil, <strong>visite o nosso stand n\u00famero A117 pavilh\u00e3o 1 durante a ITMA Barcelona<\/strong> ou escreva-nos por <a href=\"mailto:comercial@escarre.com\">e-mail<\/a> para marcar uma visita.<\/div>\n<div>&nbsp;<\/div>\n<div>&nbsp;<\/div>\n<div>&nbsp;<\/div>\n","protected":false},"excerpt":{"rendered":"<p>A EAS estar\u00e1 presente na feira Internacional mais importante de m\u00e1quinas e automa\u00e7\u00f5es do setor t\u00eaxtil, a ITMA, que ir\u00e1 acontecer em Barcelona entre os dias 20 e 26 de &hellip;<\/p>\n","protected":false},"author":1,"featured_media":2306,"comment_status":"open","ping_status":"open","sticky":false,"template":"","format":"standard","meta":{"_acf_changed":false,"footnotes":""},"categories":[93],"tags":[],"class_list":["post-3001","post","type-post","status-publish","format-standard","has-post-thumbnail","hentry","category-noticias-pt-pt"],"acf":[],"yoast_head":"<!-- This site is optimized with the Yoast SEO plugin v26.7 - https:\/\/yoast.com\/wordpress\/plugins\/seo\/ -->\n<title>EAS na ITMA 2019 - Escarre<\/title>\n<meta name=\"description\" content=\"A EAS estar\u00e1 presente na feira Internacional mais importante de m\u00e1quinas e automa\u00e7\u00f5es do setor t\u00eaxtil, a ITMA, que ir\u00e1 acontecer em Barcelona entre os\" \/>\n<meta name=\"robots\" content=\"index, follow, max-snippet:-1, max-image-preview:large, max-video-preview:-1\" \/>\n<link rel=\"canonical\" href=\"https:\/\/www.escarre.com\/pt-pt\/noticia\/eas-na-itma-2019\/\" \/>\n<meta property=\"og:locale\" content=\"pt_PT\" \/>\n<meta property=\"og:type\" content=\"article\" \/>\n<meta property=\"og:title\" content=\"EAS na ITMA 2019 - Escarre\" \/>\n<meta property=\"og:description\" content=\"A EAS estar\u00e1 presente na feira Internacional mais importante de m\u00e1quinas e automa\u00e7\u00f5es do setor t\u00eaxtil, a ITMA, que ir\u00e1 acontecer em Barcelona entre os\" \/>\n<meta property=\"og:url\" content=\"https:\/\/www.escarre.com\/pt-pt\/noticia\/eas-na-itma-2019\/\" \/>\n<meta property=\"og:site_name\" content=\"Escarre\" \/>\n<meta property=\"article:published_time\" content=\"2019-04-13T00:00:00+00:00\" \/>\n<meta property=\"article:modified_time\" content=\"2023-06-20T09:45:48+00:00\" \/>\n<meta property=\"og:image\" content=\"https:\/\/www.escarre.com\/wp-content\/uploads\/escarre_itma_19.jpg\" \/>\n\t<meta property=\"og:image:width\" content=\"700\" \/>\n\t<meta property=\"og:image:height\" content=\"400\" \/>\n\t<meta property=\"og:image:type\" content=\"image\/jpeg\" \/>\n<meta name=\"author\" content=\"emfasi\" \/>\n<meta name=\"twitter:card\" content=\"summary_large_image\" \/>\n<meta name=\"twitter:label1\" content=\"Escrito por\" \/>\n\t<meta name=\"twitter:data1\" content=\"emfasi\" \/>\n\t<meta name=\"twitter:label2\" content=\"Tempo estimado de leitura\" \/>\n\t<meta name=\"twitter:data2\" content=\"2 minutos\" \/>\n<script type=\"application\/ld+json\" class=\"yoast-schema-graph\">{\"@context\":\"https:\/\/schema.org\",\"@graph\":[{\"@type\":\"Article\",\"@id\":\"https:\/\/www.escarre.com\/pt-pt\/noticia\/eas-na-itma-2019\/#article\",\"isPartOf\":{\"@id\":\"https:\/\/www.escarre.com\/pt-pt\/noticia\/eas-na-itma-2019\/\"},\"author\":{\"name\":\"emfasi\",\"@id\":\"https:\/\/www.escarre.com\/pt-pt\/#\/schema\/person\/a5731615a80c3428785daf6feea6dfd1\"},\"headline\":\"EAS na ITMA 2019\",\"datePublished\":\"2019-04-13T00:00:00+00:00\",\"dateModified\":\"2023-06-20T09:45:48+00:00\",\"mainEntityOfPage\":{\"@id\":\"https:\/\/www.escarre.com\/pt-pt\/noticia\/eas-na-itma-2019\/\"},\"wordCount\":425,\"commentCount\":0,\"publisher\":{\"@id\":\"https:\/\/www.escarre.com\/pt-pt\/#organization\"},\"image\":{\"@id\":\"https:\/\/www.escarre.com\/pt-pt\/noticia\/eas-na-itma-2019\/#primaryimage\"},\"thumbnailUrl\":\"https:\/\/www.escarre.com\/wp-content\/uploads\/escarre_itma_19.jpg\",\"articleSection\":[\"Not\u00edcias\"],\"inLanguage\":\"pt-PT\",\"potentialAction\":[{\"@type\":\"CommentAction\",\"name\":\"Comment\",\"target\":[\"https:\/\/www.escarre.com\/pt-pt\/noticia\/eas-na-itma-2019\/#respond\"]}]},{\"@type\":\"WebPage\",\"@id\":\"https:\/\/www.escarre.com\/pt-pt\/noticia\/eas-na-itma-2019\/\",\"url\":\"https:\/\/www.escarre.com\/pt-pt\/noticia\/eas-na-itma-2019\/\",\"name\":\"EAS na ITMA 2019 - Escarre\",\"isPartOf\":{\"@id\":\"https:\/\/www.escarre.com\/pt-pt\/#website\"},\"primaryImageOfPage\":{\"@id\":\"https:\/\/www.escarre.com\/pt-pt\/noticia\/eas-na-itma-2019\/#primaryimage\"},\"image\":{\"@id\":\"https:\/\/www.escarre.com\/pt-pt\/noticia\/eas-na-itma-2019\/#primaryimage\"},\"thumbnailUrl\":\"https:\/\/www.escarre.com\/wp-content\/uploads\/escarre_itma_19.jpg\",\"datePublished\":\"2019-04-13T00:00:00+00:00\",\"dateModified\":\"2023-06-20T09:45:48+00:00\",\"description\":\"A EAS estar\u00e1 presente na feira Internacional mais importante de m\u00e1quinas e automa\u00e7\u00f5es do setor t\u00eaxtil, a ITMA, que ir\u00e1 acontecer em Barcelona entre os\",\"breadcrumb\":{\"@id\":\"https:\/\/www.escarre.com\/pt-pt\/noticia\/eas-na-itma-2019\/#breadcrumb\"},\"inLanguage\":\"pt-PT\",\"potentialAction\":[{\"@type\":\"ReadAction\",\"target\":[\"https:\/\/www.escarre.com\/pt-pt\/noticia\/eas-na-itma-2019\/\"]}]},{\"@type\":\"ImageObject\",\"inLanguage\":\"pt-PT\",\"@id\":\"https:\/\/www.escarre.com\/pt-pt\/noticia\/eas-na-itma-2019\/#primaryimage\",\"url\":\"https:\/\/www.escarre.com\/wp-content\/uploads\/escarre_itma_19.jpg\",\"contentUrl\":\"https:\/\/www.escarre.com\/wp-content\/uploads\/escarre_itma_19.jpg\",\"width\":700,\"height\":400},{\"@type\":\"BreadcrumbList\",\"@id\":\"https:\/\/www.escarre.com\/pt-pt\/noticia\/eas-na-itma-2019\/#breadcrumb\",\"itemListElement\":[{\"@type\":\"ListItem\",\"position\":1,\"name\":\"Portada\",\"item\":\"https:\/\/www.escarre.com\/pt-pt\/\"},{\"@type\":\"ListItem\",\"position\":2,\"name\":\"EAS na ITMA 2019\"}]},{\"@type\":\"WebSite\",\"@id\":\"https:\/\/www.escarre.com\/pt-pt\/#website\",\"url\":\"https:\/\/www.escarre.com\/pt-pt\/\",\"name\":\"Escarre\",\"description\":\"\",\"publisher\":{\"@id\":\"https:\/\/www.escarre.com\/pt-pt\/#organization\"},\"potentialAction\":[{\"@type\":\"SearchAction\",\"target\":{\"@type\":\"EntryPoint\",\"urlTemplate\":\"https:\/\/www.escarre.com\/pt-pt\/?s={search_term_string}\"},\"query-input\":{\"@type\":\"PropertyValueSpecification\",\"valueRequired\":true,\"valueName\":\"search_term_string\"}}],\"inLanguage\":\"pt-PT\"},{\"@type\":\"Organization\",\"@id\":\"https:\/\/www.escarre.com\/pt-pt\/#organization\",\"name\":\"Escarre\",\"url\":\"https:\/\/www.escarre.com\/pt-pt\/\",\"logo\":{\"@type\":\"ImageObject\",\"inLanguage\":\"pt-PT\",\"@id\":\"https:\/\/www.escarre.com\/pt-pt\/#\/schema\/logo\/image\/\",\"url\":\"https:\/\/www.escarre.com\/wp-content\/uploads\/logo-eas-1.png\",\"contentUrl\":\"https:\/\/www.escarre.com\/wp-content\/uploads\/logo-eas-1.png\",\"width\":700,\"height\":125,\"caption\":\"Escarre\"},\"image\":{\"@id\":\"https:\/\/www.escarre.com\/pt-pt\/#\/schema\/logo\/image\/\"}},{\"@type\":\"Person\",\"@id\":\"https:\/\/www.escarre.com\/pt-pt\/#\/schema\/person\/a5731615a80c3428785daf6feea6dfd1\",\"name\":\"emfasi\",\"sameAs\":[\"https:\/\/www.escarre.com\"],\"url\":\"https:\/\/www.escarre.com\/pt-pt\/noticias\/author\/emfasi\/\"}]}<\/script>\n<!-- \/ Yoast SEO plugin. -->","yoast_head_json":{"title":"EAS na ITMA 2019 - Escarre","description":"A EAS estar\u00e1 presente na feira Internacional mais importante de m\u00e1quinas e automa\u00e7\u00f5es do setor t\u00eaxtil, a ITMA, que ir\u00e1 acontecer em Barcelona entre os","robots":{"index":"index","follow":"follow","max-snippet":"max-snippet:-1","max-image-preview":"max-image-preview:large","max-video-preview":"max-video-preview:-1"},"canonical":"https:\/\/www.escarre.com\/pt-pt\/noticia\/eas-na-itma-2019\/","og_locale":"pt_PT","og_type":"article","og_title":"EAS na ITMA 2019 - Escarre","og_description":"A EAS estar\u00e1 presente na feira Internacional mais importante de m\u00e1quinas e automa\u00e7\u00f5es do setor t\u00eaxtil, a ITMA, que ir\u00e1 acontecer em Barcelona entre os","og_url":"https:\/\/www.escarre.com\/pt-pt\/noticia\/eas-na-itma-2019\/","og_site_name":"Escarre","article_published_time":"2019-04-13T00:00:00+00:00","article_modified_time":"2023-06-20T09:45:48+00:00","og_image":[{"width":700,"height":400,"url":"https:\/\/www.escarre.com\/wp-content\/uploads\/escarre_itma_19.jpg","type":"image\/jpeg"}],"author":"emfasi","twitter_card":"summary_large_image","twitter_misc":{"Escrito por":"emfasi","Tempo estimado de leitura":"2 minutos"},"schema":{"@context":"https:\/\/schema.org","@graph":[{"@type":"Article","@id":"https:\/\/www.escarre.com\/pt-pt\/noticia\/eas-na-itma-2019\/#article","isPartOf":{"@id":"https:\/\/www.escarre.com\/pt-pt\/noticia\/eas-na-itma-2019\/"},"author":{"name":"emfasi","@id":"https:\/\/www.escarre.com\/pt-pt\/#\/schema\/person\/a5731615a80c3428785daf6feea6dfd1"},"headline":"EAS na ITMA 2019","datePublished":"2019-04-13T00:00:00+00:00","dateModified":"2023-06-20T09:45:48+00:00","mainEntityOfPage":{"@id":"https:\/\/www.escarre.com\/pt-pt\/noticia\/eas-na-itma-2019\/"},"wordCount":425,"commentCount":0,"publisher":{"@id":"https:\/\/www.escarre.com\/pt-pt\/#organization"},"image":{"@id":"https:\/\/www.escarre.com\/pt-pt\/noticia\/eas-na-itma-2019\/#primaryimage"},"thumbnailUrl":"https:\/\/www.escarre.com\/wp-content\/uploads\/escarre_itma_19.jpg","articleSection":["Not\u00edcias"],"inLanguage":"pt-PT","potentialAction":[{"@type":"CommentAction","name":"Comment","target":["https:\/\/www.escarre.com\/pt-pt\/noticia\/eas-na-itma-2019\/#respond"]}]},{"@type":"WebPage","@id":"https:\/\/www.escarre.com\/pt-pt\/noticia\/eas-na-itma-2019\/","url":"https:\/\/www.escarre.com\/pt-pt\/noticia\/eas-na-itma-2019\/","name":"EAS na ITMA 2019 - Escarre","isPartOf":{"@id":"https:\/\/www.escarre.com\/pt-pt\/#website"},"primaryImageOfPage":{"@id":"https:\/\/www.escarre.com\/pt-pt\/noticia\/eas-na-itma-2019\/#primaryimage"},"image":{"@id":"https:\/\/www.escarre.com\/pt-pt\/noticia\/eas-na-itma-2019\/#primaryimage"},"thumbnailUrl":"https:\/\/www.escarre.com\/wp-content\/uploads\/escarre_itma_19.jpg","datePublished":"2019-04-13T00:00:00+00:00","dateModified":"2023-06-20T09:45:48+00:00","description":"A EAS estar\u00e1 presente na feira Internacional mais importante de m\u00e1quinas e automa\u00e7\u00f5es do setor t\u00eaxtil, a ITMA, que ir\u00e1 acontecer em Barcelona entre os","breadcrumb":{"@id":"https:\/\/www.escarre.com\/pt-pt\/noticia\/eas-na-itma-2019\/#breadcrumb"},"inLanguage":"pt-PT","potentialAction":[{"@type":"ReadAction","target":["https:\/\/www.escarre.com\/pt-pt\/noticia\/eas-na-itma-2019\/"]}]},{"@type":"ImageObject","inLanguage":"pt-PT","@id":"https:\/\/www.escarre.com\/pt-pt\/noticia\/eas-na-itma-2019\/#primaryimage","url":"https:\/\/www.escarre.com\/wp-content\/uploads\/escarre_itma_19.jpg","contentUrl":"https:\/\/www.escarre.com\/wp-content\/uploads\/escarre_itma_19.jpg","width":700,"height":400},{"@type":"BreadcrumbList","@id":"https:\/\/www.escarre.com\/pt-pt\/noticia\/eas-na-itma-2019\/#breadcrumb","itemListElement":[{"@type":"ListItem","position":1,"name":"Portada","item":"https:\/\/www.escarre.com\/pt-pt\/"},{"@type":"ListItem","position":2,"name":"EAS na ITMA 2019"}]},{"@type":"WebSite","@id":"https:\/\/www.escarre.com\/pt-pt\/#website","url":"https:\/\/www.escarre.com\/pt-pt\/","name":"Escarre","description":"","publisher":{"@id":"https:\/\/www.escarre.com\/pt-pt\/#organization"},"potentialAction":[{"@type":"SearchAction","target":{"@type":"EntryPoint","urlTemplate":"https:\/\/www.escarre.com\/pt-pt\/?s={search_term_string}"},"query-input":{"@type":"PropertyValueSpecification","valueRequired":true,"valueName":"search_term_string"}}],"inLanguage":"pt-PT"},{"@type":"Organization","@id":"https:\/\/www.escarre.com\/pt-pt\/#organization","name":"Escarre","url":"https:\/\/www.escarre.com\/pt-pt\/","logo":{"@type":"ImageObject","inLanguage":"pt-PT","@id":"https:\/\/www.escarre.com\/pt-pt\/#\/schema\/logo\/image\/","url":"https:\/\/www.escarre.com\/wp-content\/uploads\/logo-eas-1.png","contentUrl":"https:\/\/www.escarre.com\/wp-content\/uploads\/logo-eas-1.png","width":700,"height":125,"caption":"Escarre"},"image":{"@id":"https:\/\/www.escarre.com\/pt-pt\/#\/schema\/logo\/image\/"}},{"@type":"Person","@id":"https:\/\/www.escarre.com\/pt-pt\/#\/schema\/person\/a5731615a80c3428785daf6feea6dfd1","name":"emfasi","sameAs":["https:\/\/www.escarre.com"],"url":"https:\/\/www.escarre.com\/pt-pt\/noticias\/author\/emfasi\/"}]}},"_links":{"self":[{"href":"https:\/\/www.escarre.com\/pt-pt\/wp-json\/wp\/v2\/posts\/3001","targetHints":{"allow":["GET"]}}],"collection":[{"href":"https:\/\/www.escarre.com\/pt-pt\/wp-json\/wp\/v2\/posts"}],"about":[{"href":"https:\/\/www.escarre.com\/pt-pt\/wp-json\/wp\/v2\/types\/post"}],"author":[{"embeddable":true,"href":"https:\/\/www.escarre.com\/pt-pt\/wp-json\/wp\/v2\/users\/1"}],"replies":[{"embeddable":true,"href":"https:\/\/www.escarre.com\/pt-pt\/wp-json\/wp\/v2\/comments?post=3001"}],"version-history":[{"count":0,"href":"https:\/\/www.escarre.com\/pt-pt\/wp-json\/wp\/v2\/posts\/3001\/revisions"}],"wp:featuredmedia":[{"embeddable":true,"href":"https:\/\/www.escarre.com\/pt-pt\/wp-json\/wp\/v2\/media\/2306"}],"wp:attachment":[{"href":"https:\/\/www.escarre.com\/pt-pt\/wp-json\/wp\/v2\/media?parent=3001"}],"wp:term":[{"taxonomy":"category","embeddable":true,"href":"https:\/\/www.escarre.com\/pt-pt\/wp-json\/wp\/v2\/categories?post=3001"},{"taxonomy":"post_tag","embeddable":true,"href":"https:\/\/www.escarre.com\/pt-pt\/wp-json\/wp\/v2\/tags?post=3001"}],"curies":[{"name":"wp","href":"https:\/\/api.w.org\/{rel}","templated":true}]}}