{"id":3004,"date":"2017-03-22T00:00:00","date_gmt":"2017-03-22T00:00:00","guid":{"rendered":"https:\/\/www.escarre.com\/eas-presente-en-tecnotextil-brasil-2017\/"},"modified":"2023-06-20T09:46:07","modified_gmt":"2023-06-20T09:46:07","slug":"eas-presente-en-tecnotextil-brasil-2017","status":"publish","type":"post","link":"https:\/\/www.escarre.com\/pt-pt\/noticia\/eas-presente-en-tecnotextil-brasil-2017\/","title":{"rendered":"EAS presente en TECNOTEXTIL BRASIL 2017"},"content":{"rendered":"<p>A EAS estar\u00e1 na TECNOTEXTIL BRASIL 2017, a feira que na edi\u00e7\u00e3o anterior reuni\u00e3o mais de 17.000 visitantes E contar\u00e1 com uma diversa oferta de mat\u00e9ria primas, t\u00eaxteis, maquin\u00e1rio e servi\u00e7os especializados no setor. Conhe\u00e7a nossos \u00faltimos lan\u00e7amentos e descubra os benef\u00edcios das melhores solu\u00e7\u00f5es para uma planta de tingimento e acabamento.<\/p>\n<p><strong>25 al 28 de Abril<br \/>\nS\u00e3o&nbsp;Paulo \u00b7 BRASIL<\/strong><\/p>\n<p>Visite-nos no&nbsp;<strong>STAND 201<\/strong><\/p>\n<p>Te esperamos!<\/p>\n","protected":false},"excerpt":{"rendered":"<p>A EAS estar\u00e1 na TECNOTEXTIL BRASIL 2017, a feira que na edi\u00e7\u00e3o anterior reuni\u00e3o mais de 17.000 visitantes E contar\u00e1 com uma diversa oferta de mat\u00e9ria primas, t\u00eaxteis, maquin\u00e1rio e &hellip;<\/p>\n","protected":false},"author":1,"featured_media":2317,"comment_status":"open","ping_status":"open","sticky":false,"template":"","format":"standard","meta":{"_acf_changed":false,"footnotes":""},"categories":[93],"tags":[],"class_list":["post-3004","post","type-post","status-publish","format-standard","has-post-thumbnail","hentry","category-noticias-pt-pt"],"acf":[],"yoast_head":"<!-- This site is optimized with the Yoast SEO plugin v26.7 - https:\/\/yoast.com\/wordpress\/plugins\/seo\/ -->\n<title>EAS presente en TECNOTEXTIL BRASIL 2017 - Escarre<\/title>\n<meta name=\"description\" content=\"A EAS estar\u00e1 na TECNOTEXTIL BRASIL 2017, a feira que na edi\u00e7\u00e3o anterior reuni\u00e3o mais de 17.000 visitantes E contar\u00e1 com uma diversa oferta de mat\u00e9ria\" \/>\n<meta name=\"robots\" content=\"index, follow, max-snippet:-1, max-image-preview:large, max-video-preview:-1\" \/>\n<link rel=\"canonical\" href=\"https:\/\/www.escarre.com\/pt-pt\/noticia\/eas-presente-en-tecnotextil-brasil-2017\/\" \/>\n<meta property=\"og:locale\" content=\"pt_PT\" \/>\n<meta property=\"og:type\" content=\"article\" \/>\n<meta property=\"og:title\" content=\"EAS presente en TECNOTEXTIL BRASIL 2017 - Escarre\" \/>\n<meta property=\"og:description\" content=\"A EAS estar\u00e1 na TECNOTEXTIL BRASIL 2017, a feira que na edi\u00e7\u00e3o anterior reuni\u00e3o mais de 17.000 visitantes E contar\u00e1 com uma diversa oferta de mat\u00e9ria\" \/>\n<meta property=\"og:url\" content=\"https:\/\/www.escarre.com\/pt-pt\/noticia\/eas-presente-en-tecnotextil-brasil-2017\/\" \/>\n<meta property=\"og:site_name\" content=\"Escarre\" \/>\n<meta property=\"article:published_time\" content=\"2017-03-22T00:00:00+00:00\" \/>\n<meta property=\"article:modified_time\" content=\"2023-06-20T09:46:07+00:00\" \/>\n<meta property=\"og:image\" content=\"https:\/\/www.escarre.com\/wp-content\/uploads\/tecnotextil-brasil_NEWS.jpg\" \/>\n\t<meta property=\"og:image:width\" content=\"800\" \/>\n\t<meta property=\"og:image:height\" content=\"450\" \/>\n\t<meta property=\"og:image:type\" content=\"image\/jpeg\" \/>\n<meta name=\"author\" content=\"emfasi\" \/>\n<meta name=\"twitter:card\" content=\"summary_large_image\" \/>\n<meta name=\"twitter:label1\" content=\"Escrito por\" \/>\n\t<meta name=\"twitter:data1\" content=\"emfasi\" \/>\n\t<meta name=\"twitter:label2\" content=\"Tempo estimado de leitura\" \/>\n\t<meta name=\"twitter:data2\" content=\"1 minuto\" \/>\n<script type=\"application\/ld+json\" class=\"yoast-schema-graph\">{\"@context\":\"https:\/\/schema.org\",\"@graph\":[{\"@type\":\"Article\",\"@id\":\"https:\/\/www.escarre.com\/pt-pt\/noticia\/eas-presente-en-tecnotextil-brasil-2017\/#article\",\"isPartOf\":{\"@id\":\"https:\/\/www.escarre.com\/pt-pt\/noticia\/eas-presente-en-tecnotextil-brasil-2017\/\"},\"author\":{\"name\":\"emfasi\",\"@id\":\"https:\/\/www.escarre.com\/pt-pt\/#\/schema\/person\/a5731615a80c3428785daf6feea6dfd1\"},\"headline\":\"EAS presente en TECNOTEXTIL BRASIL 2017\",\"datePublished\":\"2017-03-22T00:00:00+00:00\",\"dateModified\":\"2023-06-20T09:46:07+00:00\",\"mainEntityOfPage\":{\"@id\":\"https:\/\/www.escarre.com\/pt-pt\/noticia\/eas-presente-en-tecnotextil-brasil-2017\/\"},\"wordCount\":79,\"commentCount\":0,\"publisher\":{\"@id\":\"https:\/\/www.escarre.com\/pt-pt\/#organization\"},\"image\":{\"@id\":\"https:\/\/www.escarre.com\/pt-pt\/noticia\/eas-presente-en-tecnotextil-brasil-2017\/#primaryimage\"},\"thumbnailUrl\":\"https:\/\/www.escarre.com\/wp-content\/uploads\/tecnotextil-brasil_NEWS.jpg\",\"articleSection\":[\"Not\u00edcias\"],\"inLanguage\":\"pt-PT\",\"potentialAction\":[{\"@type\":\"CommentAction\",\"name\":\"Comment\",\"target\":[\"https:\/\/www.escarre.com\/pt-pt\/noticia\/eas-presente-en-tecnotextil-brasil-2017\/#respond\"]}]},{\"@type\":\"WebPage\",\"@id\":\"https:\/\/www.escarre.com\/pt-pt\/noticia\/eas-presente-en-tecnotextil-brasil-2017\/\",\"url\":\"https:\/\/www.escarre.com\/pt-pt\/noticia\/eas-presente-en-tecnotextil-brasil-2017\/\",\"name\":\"EAS presente en TECNOTEXTIL BRASIL 2017 - Escarre\",\"isPartOf\":{\"@id\":\"https:\/\/www.escarre.com\/pt-pt\/#website\"},\"primaryImageOfPage\":{\"@id\":\"https:\/\/www.escarre.com\/pt-pt\/noticia\/eas-presente-en-tecnotextil-brasil-2017\/#primaryimage\"},\"image\":{\"@id\":\"https:\/\/www.escarre.com\/pt-pt\/noticia\/eas-presente-en-tecnotextil-brasil-2017\/#primaryimage\"},\"thumbnailUrl\":\"https:\/\/www.escarre.com\/wp-content\/uploads\/tecnotextil-brasil_NEWS.jpg\",\"datePublished\":\"2017-03-22T00:00:00+00:00\",\"dateModified\":\"2023-06-20T09:46:07+00:00\",\"description\":\"A EAS estar\u00e1 na TECNOTEXTIL BRASIL 2017, a feira que na edi\u00e7\u00e3o anterior reuni\u00e3o mais de 17.000 visitantes E contar\u00e1 com uma diversa oferta de mat\u00e9ria\",\"breadcrumb\":{\"@id\":\"https:\/\/www.escarre.com\/pt-pt\/noticia\/eas-presente-en-tecnotextil-brasil-2017\/#breadcrumb\"},\"inLanguage\":\"pt-PT\",\"potentialAction\":[{\"@type\":\"ReadAction\",\"target\":[\"https:\/\/www.escarre.com\/pt-pt\/noticia\/eas-presente-en-tecnotextil-brasil-2017\/\"]}]},{\"@type\":\"ImageObject\",\"inLanguage\":\"pt-PT\",\"@id\":\"https:\/\/www.escarre.com\/pt-pt\/noticia\/eas-presente-en-tecnotextil-brasil-2017\/#primaryimage\",\"url\":\"https:\/\/www.escarre.com\/wp-content\/uploads\/tecnotextil-brasil_NEWS.jpg\",\"contentUrl\":\"https:\/\/www.escarre.com\/wp-content\/uploads\/tecnotextil-brasil_NEWS.jpg\",\"width\":800,\"height\":450},{\"@type\":\"BreadcrumbList\",\"@id\":\"https:\/\/www.escarre.com\/pt-pt\/noticia\/eas-presente-en-tecnotextil-brasil-2017\/#breadcrumb\",\"itemListElement\":[{\"@type\":\"ListItem\",\"position\":1,\"name\":\"Portada\",\"item\":\"https:\/\/www.escarre.com\/pt-pt\/\"},{\"@type\":\"ListItem\",\"position\":2,\"name\":\"EAS presente en TECNOTEXTIL BRASIL 2017\"}]},{\"@type\":\"WebSite\",\"@id\":\"https:\/\/www.escarre.com\/pt-pt\/#website\",\"url\":\"https:\/\/www.escarre.com\/pt-pt\/\",\"name\":\"Escarre\",\"description\":\"\",\"publisher\":{\"@id\":\"https:\/\/www.escarre.com\/pt-pt\/#organization\"},\"potentialAction\":[{\"@type\":\"SearchAction\",\"target\":{\"@type\":\"EntryPoint\",\"urlTemplate\":\"https:\/\/www.escarre.com\/pt-pt\/?s={search_term_string}\"},\"query-input\":{\"@type\":\"PropertyValueSpecification\",\"valueRequired\":true,\"valueName\":\"search_term_string\"}}],\"inLanguage\":\"pt-PT\"},{\"@type\":\"Organization\",\"@id\":\"https:\/\/www.escarre.com\/pt-pt\/#organization\",\"name\":\"Escarre\",\"url\":\"https:\/\/www.escarre.com\/pt-pt\/\",\"logo\":{\"@type\":\"ImageObject\",\"inLanguage\":\"pt-PT\",\"@id\":\"https:\/\/www.escarre.com\/pt-pt\/#\/schema\/logo\/image\/\",\"url\":\"https:\/\/www.escarre.com\/wp-content\/uploads\/logo-eas-1.png\",\"contentUrl\":\"https:\/\/www.escarre.com\/wp-content\/uploads\/logo-eas-1.png\",\"width\":700,\"height\":125,\"caption\":\"Escarre\"},\"image\":{\"@id\":\"https:\/\/www.escarre.com\/pt-pt\/#\/schema\/logo\/image\/\"}},{\"@type\":\"Person\",\"@id\":\"https:\/\/www.escarre.com\/pt-pt\/#\/schema\/person\/a5731615a80c3428785daf6feea6dfd1\",\"name\":\"emfasi\",\"sameAs\":[\"https:\/\/www.escarre.com\"],\"url\":\"https:\/\/www.escarre.com\/pt-pt\/noticias\/author\/emfasi\/\"}]}<\/script>\n<!-- \/ Yoast SEO plugin. -->","yoast_head_json":{"title":"EAS presente en TECNOTEXTIL BRASIL 2017 - Escarre","description":"A EAS estar\u00e1 na TECNOTEXTIL BRASIL 2017, a feira que na edi\u00e7\u00e3o anterior reuni\u00e3o mais de 17.000 visitantes E contar\u00e1 com uma diversa oferta de mat\u00e9ria","robots":{"index":"index","follow":"follow","max-snippet":"max-snippet:-1","max-image-preview":"max-image-preview:large","max-video-preview":"max-video-preview:-1"},"canonical":"https:\/\/www.escarre.com\/pt-pt\/noticia\/eas-presente-en-tecnotextil-brasil-2017\/","og_locale":"pt_PT","og_type":"article","og_title":"EAS presente en TECNOTEXTIL BRASIL 2017 - Escarre","og_description":"A EAS estar\u00e1 na TECNOTEXTIL BRASIL 2017, a feira que na edi\u00e7\u00e3o anterior reuni\u00e3o mais de 17.000 visitantes E contar\u00e1 com uma diversa oferta de mat\u00e9ria","og_url":"https:\/\/www.escarre.com\/pt-pt\/noticia\/eas-presente-en-tecnotextil-brasil-2017\/","og_site_name":"Escarre","article_published_time":"2017-03-22T00:00:00+00:00","article_modified_time":"2023-06-20T09:46:07+00:00","og_image":[{"width":800,"height":450,"url":"https:\/\/www.escarre.com\/wp-content\/uploads\/tecnotextil-brasil_NEWS.jpg","type":"image\/jpeg"}],"author":"emfasi","twitter_card":"summary_large_image","twitter_misc":{"Escrito por":"emfasi","Tempo estimado de leitura":"1 minuto"},"schema":{"@context":"https:\/\/schema.org","@graph":[{"@type":"Article","@id":"https:\/\/www.escarre.com\/pt-pt\/noticia\/eas-presente-en-tecnotextil-brasil-2017\/#article","isPartOf":{"@id":"https:\/\/www.escarre.com\/pt-pt\/noticia\/eas-presente-en-tecnotextil-brasil-2017\/"},"author":{"name":"emfasi","@id":"https:\/\/www.escarre.com\/pt-pt\/#\/schema\/person\/a5731615a80c3428785daf6feea6dfd1"},"headline":"EAS presente en TECNOTEXTIL BRASIL 2017","datePublished":"2017-03-22T00:00:00+00:00","dateModified":"2023-06-20T09:46:07+00:00","mainEntityOfPage":{"@id":"https:\/\/www.escarre.com\/pt-pt\/noticia\/eas-presente-en-tecnotextil-brasil-2017\/"},"wordCount":79,"commentCount":0,"publisher":{"@id":"https:\/\/www.escarre.com\/pt-pt\/#organization"},"image":{"@id":"https:\/\/www.escarre.com\/pt-pt\/noticia\/eas-presente-en-tecnotextil-brasil-2017\/#primaryimage"},"thumbnailUrl":"https:\/\/www.escarre.com\/wp-content\/uploads\/tecnotextil-brasil_NEWS.jpg","articleSection":["Not\u00edcias"],"inLanguage":"pt-PT","potentialAction":[{"@type":"CommentAction","name":"Comment","target":["https:\/\/www.escarre.com\/pt-pt\/noticia\/eas-presente-en-tecnotextil-brasil-2017\/#respond"]}]},{"@type":"WebPage","@id":"https:\/\/www.escarre.com\/pt-pt\/noticia\/eas-presente-en-tecnotextil-brasil-2017\/","url":"https:\/\/www.escarre.com\/pt-pt\/noticia\/eas-presente-en-tecnotextil-brasil-2017\/","name":"EAS presente en TECNOTEXTIL BRASIL 2017 - Escarre","isPartOf":{"@id":"https:\/\/www.escarre.com\/pt-pt\/#website"},"primaryImageOfPage":{"@id":"https:\/\/www.escarre.com\/pt-pt\/noticia\/eas-presente-en-tecnotextil-brasil-2017\/#primaryimage"},"image":{"@id":"https:\/\/www.escarre.com\/pt-pt\/noticia\/eas-presente-en-tecnotextil-brasil-2017\/#primaryimage"},"thumbnailUrl":"https:\/\/www.escarre.com\/wp-content\/uploads\/tecnotextil-brasil_NEWS.jpg","datePublished":"2017-03-22T00:00:00+00:00","dateModified":"2023-06-20T09:46:07+00:00","description":"A EAS estar\u00e1 na TECNOTEXTIL BRASIL 2017, a feira que na edi\u00e7\u00e3o anterior reuni\u00e3o mais de 17.000 visitantes E contar\u00e1 com uma diversa oferta de mat\u00e9ria","breadcrumb":{"@id":"https:\/\/www.escarre.com\/pt-pt\/noticia\/eas-presente-en-tecnotextil-brasil-2017\/#breadcrumb"},"inLanguage":"pt-PT","potentialAction":[{"@type":"ReadAction","target":["https:\/\/www.escarre.com\/pt-pt\/noticia\/eas-presente-en-tecnotextil-brasil-2017\/"]}]},{"@type":"ImageObject","inLanguage":"pt-PT","@id":"https:\/\/www.escarre.com\/pt-pt\/noticia\/eas-presente-en-tecnotextil-brasil-2017\/#primaryimage","url":"https:\/\/www.escarre.com\/wp-content\/uploads\/tecnotextil-brasil_NEWS.jpg","contentUrl":"https:\/\/www.escarre.com\/wp-content\/uploads\/tecnotextil-brasil_NEWS.jpg","width":800,"height":450},{"@type":"BreadcrumbList","@id":"https:\/\/www.escarre.com\/pt-pt\/noticia\/eas-presente-en-tecnotextil-brasil-2017\/#breadcrumb","itemListElement":[{"@type":"ListItem","position":1,"name":"Portada","item":"https:\/\/www.escarre.com\/pt-pt\/"},{"@type":"ListItem","position":2,"name":"EAS presente en TECNOTEXTIL BRASIL 2017"}]},{"@type":"WebSite","@id":"https:\/\/www.escarre.com\/pt-pt\/#website","url":"https:\/\/www.escarre.com\/pt-pt\/","name":"Escarre","description":"","publisher":{"@id":"https:\/\/www.escarre.com\/pt-pt\/#organization"},"potentialAction":[{"@type":"SearchAction","target":{"@type":"EntryPoint","urlTemplate":"https:\/\/www.escarre.com\/pt-pt\/?s={search_term_string}"},"query-input":{"@type":"PropertyValueSpecification","valueRequired":true,"valueName":"search_term_string"}}],"inLanguage":"pt-PT"},{"@type":"Organization","@id":"https:\/\/www.escarre.com\/pt-pt\/#organization","name":"Escarre","url":"https:\/\/www.escarre.com\/pt-pt\/","logo":{"@type":"ImageObject","inLanguage":"pt-PT","@id":"https:\/\/www.escarre.com\/pt-pt\/#\/schema\/logo\/image\/","url":"https:\/\/www.escarre.com\/wp-content\/uploads\/logo-eas-1.png","contentUrl":"https:\/\/www.escarre.com\/wp-content\/uploads\/logo-eas-1.png","width":700,"height":125,"caption":"Escarre"},"image":{"@id":"https:\/\/www.escarre.com\/pt-pt\/#\/schema\/logo\/image\/"}},{"@type":"Person","@id":"https:\/\/www.escarre.com\/pt-pt\/#\/schema\/person\/a5731615a80c3428785daf6feea6dfd1","name":"emfasi","sameAs":["https:\/\/www.escarre.com"],"url":"https:\/\/www.escarre.com\/pt-pt\/noticias\/author\/emfasi\/"}]}},"_links":{"self":[{"href":"https:\/\/www.escarre.com\/pt-pt\/wp-json\/wp\/v2\/posts\/3004","targetHints":{"allow":["GET"]}}],"collection":[{"href":"https:\/\/www.escarre.com\/pt-pt\/wp-json\/wp\/v2\/posts"}],"about":[{"href":"https:\/\/www.escarre.com\/pt-pt\/wp-json\/wp\/v2\/types\/post"}],"author":[{"embeddable":true,"href":"https:\/\/www.escarre.com\/pt-pt\/wp-json\/wp\/v2\/users\/1"}],"replies":[{"embeddable":true,"href":"https:\/\/www.escarre.com\/pt-pt\/wp-json\/wp\/v2\/comments?post=3004"}],"version-history":[{"count":0,"href":"https:\/\/www.escarre.com\/pt-pt\/wp-json\/wp\/v2\/posts\/3004\/revisions"}],"wp:featuredmedia":[{"embeddable":true,"href":"https:\/\/www.escarre.com\/pt-pt\/wp-json\/wp\/v2\/media\/2317"}],"wp:attachment":[{"href":"https:\/\/www.escarre.com\/pt-pt\/wp-json\/wp\/v2\/media?parent=3004"}],"wp:term":[{"taxonomy":"category","embeddable":true,"href":"https:\/\/www.escarre.com\/pt-pt\/wp-json\/wp\/v2\/categories?post=3004"},{"taxonomy":"post_tag","embeddable":true,"href":"https:\/\/www.escarre.com\/pt-pt\/wp-json\/wp\/v2\/tags?post=3004"}],"curies":[{"name":"wp","href":"https:\/\/api.w.org\/{rel}","templated":true}]}}